{"id":1968,"date":"2016-06-25T20:00:41","date_gmt":"2016-06-26T00:00:41","guid":{"rendered":"http:\/\/gobierno.udd.cl\/cpp\/?p=1968"},"modified":"2016-06-25T20:00:51","modified_gmt":"2016-06-26T00:00:51","slug":"baja-participacion-marco-las-primarias-municipales-el-lider","status":"publish","type":"post","link":"https:\/\/gobierno.udd.cl\/cpp\/noticias\/2016\/06\/25\/baja-participacion-marco-las-primarias-municipales-el-lider\/","title":{"rendered":"Baja participaci\u00f3n marc\u00f3 las primarias municipales &#8211; El Lider"},"content":{"rendered":"<p class=\"tex_sin_sangria\" style=\"text-align: justify;\">Luego del primer bolet\u00edn con los resultados parciales de las elecciones primarias municipales 2016, se reflej\u00f3 la baja participaci\u00f3n ciudadana en la jornada electoral de ayer.<\/p>\n<p style=\"text-align: justify;\">El presidente del consejo directivo del Servel, Patricio Santamar\u00eda, fue el encargado de dar a conocer los primeros resultados.<\/p>\n<p style=\"text-align: justify;\">Tan poca fue la gente que fue a sufragar que el porcentaje se\u00f1al\u00f3 que acudieron 4,98% de los votantes.<\/p>\n<p style=\"text-align: justify;\">En estas primarias participaron 93 comunas a lo largo de Chile que definir\u00e1n a su alcalde en octubre pr\u00f3ximo.<\/p>\n<p style=\"text-align: justify;\">Para el director del Programa de Opini\u00f3n P\u00fablica de la Universidad del Desarrollo (UDD), Gonzalo M\u00fcller, se debe considerar que se trata del \u00abprimer evento electoral con las nuevas reglas (electorales), la forma de hacer campa\u00f1a se ha restringido, como los temas de financiamiento (&#8230;) Vamos a ver qu\u00e9 efecto tienen estas nuevas reglas y esta nueva institucionalidad en la participaci\u00f3n, si lograron atraer o alejar a los ciudadanos\u00bb.<\/p>\n<p style=\"text-align: justify;\">Ver nota <a href=\"http:\/\/www.lidersanantonio.cl\/impresa\/2016\/06\/20\/full\/cuerpo-principal\/17\/\" target=\"_blank\">AQU\u00cd<\/a><\/p>\n","protected":false},"excerpt":{"rendered":"<p>Luego del primer bolet\u00edn con los resultados parciales de las elecciones primarias municipales 2016, se reflej\u00f3 la baja participaci\u00f3n ciudadana en la jornada electoral de ayer. El presidente del consejo directivo del Servel, Patricio Santamar\u00eda, fue el encargado de dar a conocer los primeros resultados. Tan poca fue la gente que fue a sufragar que [&hellip;]<\/p>\n","protected":false},"author":22,"featured_media":893,"comment_status":"open","ping_status":"open","sticky":false,"template":"","format":"standard","meta":{"footnotes":""},"categories":[10162],"tags":[],"class_list":["post-1968","post","type-post","status-publish","format-standard","has-post-thumbnail","hentry","category-centro-en-la-prensa"],"featured_image_url":"https:\/\/gobierno.udd.cl\/cpp\/files\/2015\/05\/udd_cpp_prensa_340.png","_links":{"self":[{"href":"https:\/\/gobierno.udd.cl\/cpp\/wp-json\/wp\/v2\/posts\/1968","targetHints":{"allow":["GET"]}}],"collection":[{"href":"https:\/\/gobierno.udd.cl\/cpp\/wp-json\/wp\/v2\/posts"}],"about":[{"href":"https:\/\/gobierno.udd.cl\/cpp\/wp-json\/wp\/v2\/types\/post"}],"author":[{"embeddable":true,"href":"https:\/\/gobierno.udd.cl\/cpp\/wp-json\/wp\/v2\/users\/22"}],"replies":[{"embeddable":true,"href":"https:\/\/gobierno.udd.cl\/cpp\/wp-json\/wp\/v2\/comments?post=1968"}],"version-history":[{"count":2,"href":"https:\/\/gobierno.udd.cl\/cpp\/wp-json\/wp\/v2\/posts\/1968\/revisions"}],"predecessor-version":[{"id":1970,"href":"https:\/\/gobierno.udd.cl\/cpp\/wp-json\/wp\/v2\/posts\/1968\/revisions\/1970"}],"wp:featuredmedia":[{"embeddable":true,"href":"https:\/\/gobierno.udd.cl\/cpp\/wp-json\/wp\/v2\/media\/893"}],"wp:attachment":[{"href":"https:\/\/gobierno.udd.cl\/cpp\/wp-json\/wp\/v2\/media?parent=1968"}],"wp:term":[{"taxonomy":"category","embeddable":true,"href":"https:\/\/gobierno.udd.cl\/cpp\/wp-json\/wp\/v2\/categories?post=1968"},{"taxonomy":"post_tag","embeddable":true,"href":"https:\/\/gobierno.udd.cl\/cpp\/wp-json\/wp\/v2\/tags?post=1968"}],"curies":[{"name":"wp","href":"https:\/\/api.w.org\/{rel}","templated":true}]}}