{"id":1966,"date":"2016-06-25T19:57:40","date_gmt":"2016-06-25T23:57:40","guid":{"rendered":"http:\/\/gobierno.udd.cl\/cpp\/?p=1966"},"modified":"2016-06-25T19:57:40","modified_gmt":"2016-06-25T23:57:40","slug":"concepcion-y-los-angeles-concentraran-interes-electoral-diario-el-sur","status":"publish","type":"post","link":"https:\/\/gobierno.udd.cl\/cpp\/noticias\/2016\/06\/25\/concepcion-y-los-angeles-concentraran-interes-electoral-diario-el-sur\/","title":{"rendered":"Concepci\u00f3n y Los \u00c1ngeles concentrar\u00e1n inter\u00e9s electoral &#8211; Diario el Sur"},"content":{"rendered":"<p style=\"text-align: justify;\">Las primarias de este domingo son in\u00e9ditas, al ser la primera vez que se desarrollar\u00e1n de forma legal en miras a unas municipales. Sin embargo, la baja cantidad de comunas participantes en este proceso y el descenso en la participaci\u00f3n que se ha ido registrando en las \u00faltimas elecciones, ha hecho que las expectativas de los analistas, en relaci\u00f3n a lo determinante que podr\u00edan ser estas votaciones, no sean las m\u00e1s auspiciosas.<\/p>\n<p style=\"text-align: justify;\">En ese sentido, de las 54 comunas que conforman la Regi\u00f3n del Biob\u00edo, s\u00f3lo 16 tendr\u00e1n primarias, de las cuales tres son capitales provinciales: Concepci\u00f3n, Los \u00c1ngeles y Chill\u00e1n.<\/p>\n<p style=\"text-align: justify;\">Continuando con el desglose, el inter\u00e9s estar\u00e1 puesto en Concepci\u00f3n y Los \u00c1ngeles. Ambas comunas fueron perdidas por la Uni\u00f3n Dem\u00f3crata Independiente (UDI) en las municipales de 2012, pese a que hist\u00f3ricamente el electorado los favorec\u00eda. Y, ahora, deber\u00e1n escoger la carta que les competir\u00e1 a quienes les quitaron el sill\u00f3n municipal: \u00c1lvaro Ortiz (DC) y Esteban Krausse (PR), respectivamente.<\/p>\n<p style=\"text-align: justify;\">Quien avala la relevancia de las comunas mencionadas es el director del Centro de Opini\u00f3n P\u00fablica de laUniversidad del Desarrollo (UDD), Gonzalo M\u00fcller, quien se\u00f1al\u00f3 que \u00abdentro de esas ciudades, Chile Vamos siente que perdi\u00f3 y hoy llegan con una ilusi\u00f3n, cosa que no hubo en el 2012, que es la de lograr que el candidato \u00fanico tenga una muy buena opci\u00f3n\u00bb.<\/p>\n<p style=\"text-align: justify;\">\n<p style=\"text-align: justify;\"><strong>CAPITALES <\/strong><\/p>\n<p style=\"text-align: justify;\">Si bien tanto Chile Vamos como la Nueva Mayor\u00eda contar\u00e1n con la misma cantidad de primarias, ocho cada una, s\u00f3lo el conglomerado de oposici\u00f3n llevar\u00e1 a cabo el proceso en las dos comunas m\u00e1s importantes de la Regi\u00f3n y con figuras no menores.<\/p>\n<p style=\"text-align: justify;\">En el caso penquista, los ojos est\u00e1n puestos en el hermano menor de Jacqueline van Rysselberghe, Cristian, quien podr\u00eda arrastrar el capital pol\u00edtico con el que cuenta la senadora, quien antes de la llegada de Ortiz era quien lideraba el municipio. Se suman el concejal evang\u00e9lico H\u00e9ctor Mu\u00f1oz, con una buena cuota de apoyo del mundo cristiano; el ex director de la Onemi, Gonzalo Arroyo y Juan Antonio Kelly, dirigente de los locatarios del Mercado de Concepci\u00f3n.<\/p>\n<p style=\"text-align: justify;\">Mientras que en Los \u00c1ngeles dos ex alcaldes se suman a esta primaria: Eduardo Borgo\u00f1o y Joel Rosales. Recordar que Rosales, hist\u00f3rico alcalde angelino, dej\u00f3 el puesto para asumir el esca\u00f1o en la C\u00e1mara de Diputados que dej\u00f3 al fallecer el UDI Juan Lobos en el distrito 47. Lo reemplaz\u00f3 Borgo\u00f1o, quien en las municipales no consigui\u00f3 mantener el puesto.<\/p>\n<p style=\"text-align: justify;\">Hasta abril de este a\u00f1o Borgo\u00f1o ejerci\u00f3 como consejero regional, puesto al que tuvo que renunciar para participar de las primarias.<\/p>\n<p style=\"text-align: justify;\">\n<p style=\"text-align: justify;\"><strong>MARGINALIDAD<\/strong><\/p>\n<p style=\"text-align: justify;\">La directora de Latinobar\u00f3metro, Marta Lagos, puso el \u00e9nfasis no s\u00f3lo en la baja cantidad de primarias, sino que en las comunas que realizar\u00e1n el proceso: \u00abNo puede ser que se elija, muchas veces, hacer una primaria en comunas que no son relevantes desde el punto de vista geopol\u00edtico y en las centrales no se realicen. Las carreras pol\u00edticas relevantes no est\u00e1n entre las 93 comunas que a nivel nacional participar\u00e1n del proceso, y no es lo mismo hacer elecciones en las 15 ciudades m\u00e1s importantes de Chile\u00bb.<\/p>\n<p style=\"text-align: justify;\">La analista recalc\u00f3 que si bien Concepci\u00f3n tendr\u00e1 primarias, es s\u00f3lo una excepci\u00f3n, pero que no salva lo mal aplicado que est\u00e1 el instrumento de primarias. \u00abAl final de cuentas, uno se pregunta si son o no relevantes las primarias. La gente no tiene idea\u00bb, recalc\u00f3.<\/p>\n<p style=\"text-align: justify;\">En ese mismo sentido, M\u00fcller recalc\u00f3 que \u00abla Regi\u00f3n del Biob\u00edo tiene tan s\u00f3lo 16 comunas en el proceso, son muy pocas y eso ha influido en que no haya un ambiente de primaria. Imag\u00ednese si todas las comunas tuvieran primarias simult\u00e1neas, pero no es as\u00ed\u00bb.<\/p>\n<p style=\"text-align: justify;\">\n<p style=\"text-align: justify;\"><strong>EXPECTATIVAS<\/strong><\/p>\n<p style=\"text-align: justify;\">La baja participaci\u00f3n es algo que se ha esperado. Seg\u00fan Gonzalo M\u00fcller, uno de los factores que podr\u00eda influir es que en la mayor\u00eda de las comunas es s\u00f3lo un sector pol\u00edtico el que se enfrenta a primarias.<\/p>\n<p style=\"text-align: justify;\">Pero, eso no es lo m\u00e1s preocupante para los analistas, sino las cifras que podr\u00edan resultar de este proceso. \u00abCreo que este proceso va a terminar siendo irrelevante porque va a ir muy poca gente a votar y eso va a alertar a quienes organizan las primarias. Va a haber, ojal\u00e1, una cr\u00edtica. Las lecciones las debimos sacar del 2012 para el 2013, pero no s\u00e9 hasta d\u00f3nde llegar\u00e1 la negativa para que los partidos hagan algo, porque gracias al descr\u00e9dito de la pol\u00edtica, la situaci\u00f3n es muy compleja\u00bb, asegur\u00f3 Marta Lagos.<\/p>\n<p style=\"text-align: justify;\">La analista puntualiz\u00f3 que hoy no existe una cuota de participaci\u00f3n electoral, por lo que no ser\u00eda extra\u00f1o que en comunas peque\u00f1as la cantidad de votantes sea casi m\u00ednima y que un candidato sea electo con una cifra marginal.<\/p>\n<p style=\"text-align: justify;\">Un poco m\u00e1s optimista, Gonzalo M\u00fcller cree que este es el puntapi\u00e9 inicial para las municipales y espera que en un futuro la pr\u00e1ctica de las primarias sea algo mucho m\u00e1s globalizado y que los partidos ya no escojan entre cuatro paredes sus cartas.<\/p>\n<p style=\"text-align: justify;\">\u00abEn otros pa\u00edses se habla del plus de haber sido elegido en primaria, porque haber sido escogido en un proceso participativo, sin duda que mejora la perspectiva de ese candidato y su relaci\u00f3n con el electorado\u00bb, recalc\u00f3 M\u00fcller.<\/p>\n<p style=\"text-align: justify;\">Por ahora, s\u00f3lo el 29% de las comunas del Biob\u00edo podr\u00e1n participar de las in\u00e9ditas primarias municipales legales.<\/p>\n<p style=\"text-align: justify;\">Leer nota <a href=\"http:\/\/www.elsur.cl\/impresa\/2016\/06\/18\/full\/cuerpo-principal\/5\/\" target=\"_blank\">AQU\u00cd<\/a><\/p>\n","protected":false},"excerpt":{"rendered":"<p>Las primarias de este domingo son in\u00e9ditas, al ser la primera vez que se desarrollar\u00e1n de forma legal en miras a unas municipales. Sin embargo, la baja cantidad de comunas participantes en este proceso y el descenso en la participaci\u00f3n que se ha ido registrando en las \u00faltimas elecciones, ha hecho que las expectativas de [&hellip;]<\/p>\n","protected":false},"author":22,"featured_media":893,"comment_status":"open","ping_status":"open","sticky":false,"template":"","format":"standard","meta":{"footnotes":""},"categories":[10162],"tags":[],"class_list":["post-1966","post","type-post","status-publish","format-standard","has-post-thumbnail","hentry","category-centro-en-la-prensa"],"featured_image_url":"https:\/\/gobierno.udd.cl\/cpp\/files\/2015\/05\/udd_cpp_prensa_340.png","_links":{"self":[{"href":"https:\/\/gobierno.udd.cl\/cpp\/wp-json\/wp\/v2\/posts\/1966","targetHints":{"allow":["GET"]}}],"collection":[{"href":"https:\/\/gobierno.udd.cl\/cpp\/wp-json\/wp\/v2\/posts"}],"about":[{"href":"https:\/\/gobierno.udd.cl\/cpp\/wp-json\/wp\/v2\/types\/post"}],"author":[{"embeddable":true,"href":"https:\/\/gobierno.udd.cl\/cpp\/wp-json\/wp\/v2\/users\/22"}],"replies":[{"embeddable":true,"href":"https:\/\/gobierno.udd.cl\/cpp\/wp-json\/wp\/v2\/comments?post=1966"}],"version-history":[{"count":1,"href":"https:\/\/gobierno.udd.cl\/cpp\/wp-json\/wp\/v2\/posts\/1966\/revisions"}],"predecessor-version":[{"id":1967,"href":"https:\/\/gobierno.udd.cl\/cpp\/wp-json\/wp\/v2\/posts\/1966\/revisions\/1967"}],"wp:featuredmedia":[{"embeddable":true,"href":"https:\/\/gobierno.udd.cl\/cpp\/wp-json\/wp\/v2\/media\/893"}],"wp:attachment":[{"href":"https:\/\/gobierno.udd.cl\/cpp\/wp-json\/wp\/v2\/media?parent=1966"}],"wp:term":[{"taxonomy":"category","embeddable":true,"href":"https:\/\/gobierno.udd.cl\/cpp\/wp-json\/wp\/v2\/categories?post=1966"},{"taxonomy":"post_tag","embeddable":true,"href":"https:\/\/gobierno.udd.cl\/cpp\/wp-json\/wp\/v2\/tags?post=1966"}],"curies":[{"name":"wp","href":"https:\/\/api.w.org\/{rel}","templated":true}]}}