{"id":1963,"date":"2016-06-25T19:51:17","date_gmt":"2016-06-25T23:51:17","guid":{"rendered":"http:\/\/gobierno.udd.cl\/cpp\/?p=1963"},"modified":"2016-06-25T19:51:17","modified_gmt":"2016-06-25T23:51:17","slug":"expertos-analizan-baja-concurrencia-en-las-primarias-la-solucion-no-es-regresar-al-voto-obligatorio-publimetro","status":"publish","type":"post","link":"https:\/\/gobierno.udd.cl\/cpp\/noticias\/2016\/06\/25\/expertos-analizan-baja-concurrencia-en-las-primarias-la-solucion-no-es-regresar-al-voto-obligatorio-publimetro\/","title":{"rendered":"Expertos analizan baja concurrencia en las primarias: \u00abLa soluci\u00f3n no es regresar al voto obligatorio\u00bb &#8211; Publimetro"},"content":{"rendered":"<p style=\"text-align: justify;\">Fue la postal del d\u00eda en las distintas comunas del pa\u00eds.\u00a0Mesas que se constituyeron en forma tard\u00eda y escaso n\u00famero de votantes.\u00a0Pese a que era una jornada hist\u00f3rica, en que los conglomerados Chile Vamos y la Nueva Mayor\u00eda, finalmente iban a decidir a los candidatos a alcaldes de 93 comunas en todo el territorio nacional, gran parte de la ciudadan\u00eda habilitada para sufragar se rest\u00f3 de participar de este proceso c\u00edvico.<\/p>\n<p style=\"text-align: justify;\">Uno de los casos m\u00e1s dram\u00e1ticos se registr\u00f3 en la Regi\u00f3n del B\u00edo B\u00edo en que, pese a que se constituyeron las mesas reci\u00e9n pasado el mediod\u00eda, a eso de las 18 horas de este domingo, no hab\u00edan recibido ni siquiera un voto.\u00a0En otras, s\u00f3lo el sufragio de los candidatos.<\/p>\n<p style=\"text-align: justify;\">\u00abHay un sistema pol\u00edtico desgastado, en crisis, donde la gente ya no cree, se siente estafada con un modelo pol\u00edtico y econ\u00f3mico del cu\u00e1l s\u00f3lo unos pocos se han beneficiado.De hecho, persiste en muchos ciudadanos la idea de que las primarias no democratizan m\u00e1s el sistema\u00bb, advirti\u00f3 a Publimetro Paulina Villarroel, cientista pol\u00edtica de la Universidad del Desarrollo de Concepci\u00f3n, quien no cree que la baja concurrencia se debiera solamente a la celebraci\u00f3n de la goleada a M\u00e9xico la noche del s\u00e1bado, menos por el D\u00eda del Padre.<\/p>\n<p style=\"text-align: justify;\">Para Paulina Villarroel, una de las consecuencias m\u00e1s importantes de esta crisis, es que pese a que \u00ablos partidos pol\u00edticos han intentado hacer m\u00e1s trasparente el sistema y hacer primarias, la tortuosa disputa entre algunos conglomerados, y tal como ocurri\u00f3 hace poco con la Nueva Mayor\u00eda y el Servel, s\u00f3lo hace pensar que los fantasmas de la \u201crepartija\u201d de cupos persista y que no exist\u00eda una voluntad real de que los ciudadanos elijan a los candidatos\u201d.<\/p>\n<p style=\"text-align: justify;\">Una opini\u00f3n similar tuvo Phillipe Werner, cientista pol\u00edtico de la Universidad Gabriela Mistral.\u00a0\u00abEste es un fen\u00f3meno transversal que refleja el fen\u00f3meno pol\u00edtico que estamos viviendo y deja en evidencia el desapego de la ciudadan\u00eda frente a la pol\u00edtica\u00bb, explic\u00f3.<\/p>\n<p style=\"text-align: justify;\"><strong>\u00bfVolver al voto obligatorio?<\/strong><\/p>\n<p style=\"text-align: justify;\">Durante la tarde del domingo y ante los inminentes resultados, regres\u00f3 la pol\u00e9mica de volver al sufragio obligatorio.\u00a0Desde su cuenta Twitter la Diputada Marcela Sabat advirti\u00f3 que volver al voto obligatorio \u00abes el camino corto y f\u00e1cil.\u00a0La baja participaci\u00f3n se debe revertir escuchando a la ciudadan\u00eda, con propuestas y trabajo\u00bb.<\/p>\n<p style=\"text-align: justify;\">Si bien las Primarias no tienen la misma invasi\u00f3n publicitaria como s\u00ed la tendr\u00e1n las Municipales, que se realizar\u00e1n el 23 de octubre de este a\u00f1o, para los expertos el problema pasa, adem\u00e1s, porque la ciudadan\u00eda a\u00fan no tiene claro en qu\u00e9 consiste el proceso.<\/p>\n<p style=\"text-align: justify;\">La cientista pol\u00edtica Paulina Villarroel, sancion\u00f3 que \u201cvolver al voto obligatorio es intentar de mala manera camuflar un fen\u00f3meno ante el cual la clase pol\u00edtica no ha sabido reaccionar\u201d.<\/p>\n<p style=\"text-align: justify;\">\u00abNo debemos volver al voto obligatorio.\u00a0No pasa por eso\u00bb, analiza el experto Phillipe Werner. \u00abEs necesario realizar una campa\u00f1a de Estado, que incluya a todos los grupos, a fin de incentivar a la ciudadan\u00eda a cumplir con su deber c\u00edvico.\u00a0Es importante que los partidos lean lo que est\u00e1 ocurriendo y sean capaces de hacerse responsables de lo ocurrido.\u00a0Tambi\u00e9n son los partidos los responsables de bajar la informaci\u00f3n a la ciudadan\u00eda\u00bb, asegur\u00f3.<\/p>\n<p style=\"text-align: justify;\">Leer nota <a href=\"http:\/\/www.publimetro.cl\/nota\/cronica\/expertos-analizan-baja-concurrencia-en-las-primarias-la-solucion-no-es-regresar-al-voto-obligatorio\/xIQpfs!JOTNwyOOWRaLU\/\" target=\"_blank\">AQU\u00cd<\/a><\/p>\n","protected":false},"excerpt":{"rendered":"<p>Fue la postal del d\u00eda en las distintas comunas del pa\u00eds.\u00a0Mesas que se constituyeron en forma tard\u00eda y escaso n\u00famero de votantes.\u00a0Pese a que era una jornada hist\u00f3rica, en que los conglomerados Chile Vamos y la Nueva Mayor\u00eda, finalmente iban a decidir a los candidatos a alcaldes de 93 comunas en todo el territorio nacional, [&hellip;]<\/p>\n","protected":false},"author":22,"featured_media":893,"comment_status":"open","ping_status":"open","sticky":false,"template":"","format":"standard","meta":{"footnotes":""},"categories":[10162],"tags":[],"class_list":["post-1963","post","type-post","status-publish","format-standard","has-post-thumbnail","hentry","category-centro-en-la-prensa"],"featured_image_url":"https:\/\/gobierno.udd.cl\/cpp\/files\/2015\/05\/udd_cpp_prensa_340.png","_links":{"self":[{"href":"https:\/\/gobierno.udd.cl\/cpp\/wp-json\/wp\/v2\/posts\/1963","targetHints":{"allow":["GET"]}}],"collection":[{"href":"https:\/\/gobierno.udd.cl\/cpp\/wp-json\/wp\/v2\/posts"}],"about":[{"href":"https:\/\/gobierno.udd.cl\/cpp\/wp-json\/wp\/v2\/types\/post"}],"author":[{"embeddable":true,"href":"https:\/\/gobierno.udd.cl\/cpp\/wp-json\/wp\/v2\/users\/22"}],"replies":[{"embeddable":true,"href":"https:\/\/gobierno.udd.cl\/cpp\/wp-json\/wp\/v2\/comments?post=1963"}],"version-history":[{"count":2,"href":"https:\/\/gobierno.udd.cl\/cpp\/wp-json\/wp\/v2\/posts\/1963\/revisions"}],"predecessor-version":[{"id":1965,"href":"https:\/\/gobierno.udd.cl\/cpp\/wp-json\/wp\/v2\/posts\/1963\/revisions\/1965"}],"wp:featuredmedia":[{"embeddable":true,"href":"https:\/\/gobierno.udd.cl\/cpp\/wp-json\/wp\/v2\/media\/893"}],"wp:attachment":[{"href":"https:\/\/gobierno.udd.cl\/cpp\/wp-json\/wp\/v2\/media?parent=1963"}],"wp:term":[{"taxonomy":"category","embeddable":true,"href":"https:\/\/gobierno.udd.cl\/cpp\/wp-json\/wp\/v2\/categories?post=1963"},{"taxonomy":"post_tag","embeddable":true,"href":"https:\/\/gobierno.udd.cl\/cpp\/wp-json\/wp\/v2\/tags?post=1963"}],"curies":[{"name":"wp","href":"https:\/\/api.w.org\/{rel}","templated":true}]}}