{"id":1959,"date":"2016-06-25T19:34:02","date_gmt":"2016-06-25T23:34:02","guid":{"rendered":"http:\/\/gobierno.udd.cl\/cpp\/?p=1959"},"modified":"2016-06-25T20:01:27","modified_gmt":"2016-06-26T00:01:27","slug":"rodrigo-troncoso-restriccion-vehicular-permanente-carta-la-tercera","status":"publish","type":"post","link":"https:\/\/gobierno.udd.cl\/cpp\/noticias\/2016\/06\/25\/rodrigo-troncoso-restriccion-vehicular-permanente-carta-la-tercera\/","title":{"rendered":"Rodrigo Troncoso: Restricci\u00f3n vehicular permanente &#8211; Carta La Tercera"},"content":{"rendered":"<p style=\"text-align: justify;\">Se\u00f1or director:<\/p>\n<p style=\"text-align: justify;\">El ministro de Transportes, apoyado por tres senadores, estar\u00eda impulsando un proyecto de ley para aplicar restricci\u00f3n vehicular permanente, incluso a veh\u00edculos catal\u00edticos en diferentes ciudades. Y para evitar la compra de un segundo o tercer auto, como se ha constatado que ocurre en otras ciudades del mundo en que se ha aplicado este tipo de regulaci\u00f3n, se pretende vender un pase diario de tal forma que, quien lo pague, pueda circular aun cuando le toque restricci\u00f3n vehicular.<\/p>\n<p style=\"text-align: justify;\">M\u00e1s all\u00e1 de su cuestionable efectividad, o de las m\u00faltiples dificultades de su implementaci\u00f3n y fiscalizaci\u00f3n, esta es una medida evidentemente regresiva.<\/p>\n<p style=\"text-align: justify;\">Esta propuesta le otorga un premio a aquellos que pueden pagar este pase diario, ya que tendr\u00e1n las calles m\u00e1s despejadas, al tiempo que castiga a aquellos que no puedan pagar el pase, oblig\u00e1ndolos a usar el mal sistema de transporte p\u00fablico.<\/p>\n<p style=\"text-align: justify;\">En resumen, la propuesta de restricci\u00f3n vehicular permanente con venta de pase diario impulsada por el Ministerio de Transporte y los senadores Girardi, Matta y Ossand\u00f3n, probablemente sin quererlo, mejorar\u00e1 la calidad de vida de los automovilistas m\u00e1s ricos y perjudicar\u00e1 a los m\u00e1s pobres.<\/p>\n<p style=\"text-align: justify;\"><strong>Louis de Grange C.<\/strong><br \/>\nAcad\u00e9mico UDP<\/p>\n<p style=\"text-align: justify;\"><strong>Rodrigo Troncoso O.<\/strong><br \/>\nAcad\u00e9mico UDD<\/p>\n<p style=\"text-align: justify;\">\n<p style=\"text-align: justify;\">Ver publicaci\u00f3n\u00a0<a href=\"http:\/\/www.latercera.com\/noticia\/opinion\/correos-de-los-lectores\/2016\/06\/896-685181-9-restriccion-vehicular-permanente.shtml\" target=\"_blank\">AQU\u00cd<\/a><\/p>\n","protected":false},"excerpt":{"rendered":"<p>Se\u00f1or director: El ministro de Transportes, apoyado por tres senadores, estar\u00eda impulsando un proyecto de ley para aplicar restricci\u00f3n vehicular permanente, incluso a veh\u00edculos catal\u00edticos en diferentes ciudades. Y para evitar la compra de un segundo o tercer auto, como se ha constatado que ocurre en otras ciudades del mundo en que se ha aplicado [&hellip;]<\/p>\n","protected":false},"author":22,"featured_media":893,"comment_status":"open","ping_status":"open","sticky":false,"template":"","format":"standard","meta":{"footnotes":""},"categories":[10162],"tags":[],"class_list":["post-1959","post","type-post","status-publish","format-standard","has-post-thumbnail","hentry","category-centro-en-la-prensa"],"featured_image_url":"https:\/\/gobierno.udd.cl\/cpp\/files\/2015\/05\/udd_cpp_prensa_340.png","_links":{"self":[{"href":"https:\/\/gobierno.udd.cl\/cpp\/wp-json\/wp\/v2\/posts\/1959","targetHints":{"allow":["GET"]}}],"collection":[{"href":"https:\/\/gobierno.udd.cl\/cpp\/wp-json\/wp\/v2\/posts"}],"about":[{"href":"https:\/\/gobierno.udd.cl\/cpp\/wp-json\/wp\/v2\/types\/post"}],"author":[{"embeddable":true,"href":"https:\/\/gobierno.udd.cl\/cpp\/wp-json\/wp\/v2\/users\/22"}],"replies":[{"embeddable":true,"href":"https:\/\/gobierno.udd.cl\/cpp\/wp-json\/wp\/v2\/comments?post=1959"}],"version-history":[{"count":2,"href":"https:\/\/gobierno.udd.cl\/cpp\/wp-json\/wp\/v2\/posts\/1959\/revisions"}],"predecessor-version":[{"id":1971,"href":"https:\/\/gobierno.udd.cl\/cpp\/wp-json\/wp\/v2\/posts\/1959\/revisions\/1971"}],"wp:featuredmedia":[{"embeddable":true,"href":"https:\/\/gobierno.udd.cl\/cpp\/wp-json\/wp\/v2\/media\/893"}],"wp:attachment":[{"href":"https:\/\/gobierno.udd.cl\/cpp\/wp-json\/wp\/v2\/media?parent=1959"}],"wp:term":[{"taxonomy":"category","embeddable":true,"href":"https:\/\/gobierno.udd.cl\/cpp\/wp-json\/wp\/v2\/categories?post=1959"},{"taxonomy":"post_tag","embeddable":true,"href":"https:\/\/gobierno.udd.cl\/cpp\/wp-json\/wp\/v2\/tags?post=1959"}],"curies":[{"name":"wp","href":"https:\/\/api.w.org\/{rel}","templated":true}]}}