{"id":1941,"date":"2016-06-23T09:42:51","date_gmt":"2016-06-23T13:42:51","guid":{"rendered":"http:\/\/gobierno.udd.cl\/cpp\/?p=1941"},"modified":"2016-06-23T09:42:51","modified_gmt":"2016-06-23T13:42:51","slug":"emprendimiento-e-innovacion-social-se-unen-en-encuentro","status":"publish","type":"post","link":"https:\/\/gobierno.udd.cl\/cpp\/noticias\/2016\/06\/23\/emprendimiento-e-innovacion-social-se-unen-en-encuentro\/","title":{"rendered":"Emprendimiento e innovaci\u00f3n social se unen en encuentro"},"content":{"rendered":"<p class=\"Cap_Normal\" style=\"text-align: justify;\">El encuentro \u00abMinka\u00bb que se realizar\u00e1 en la PUCV y USM, tiene como principal objetivo, reunir a integrantes del mundo universitario y, adem\u00e1s, de organizaciones del mundo p\u00fablico y privado, que trabajen en los \u00e1mbitos del emprendimiento y la innovaci\u00f3n social.<\/p>\n<p style=\"text-align: justify;\">Bajo el lema \u00abUn Espacio colaborativo en la Formaci\u00f3n de agentes de cambio social\u00bb, se realizar\u00e1 entre el 6 y 8 de julio, en la Pontificia Universidad Cat\u00f3lica de Valpara\u00edso (PUCV) y la Universidad Santa Mar\u00eda (USM), la Cumbre \u00abAshoka U Minka\u00bb, encuentro que busca desde la mirada de la innovaci\u00f3n social, generar alianzas estrat\u00e9gicas que permitan a diversos emprendedores vinculados a la Educaci\u00f3n Superior, empresas y organizaciones del mundo p\u00fablico-privado de todo Chile, generar redes y realizar acciones conjuntas enfocadas en mejorar la calidad de vida de las personas.<\/p>\n<p style=\"text-align: justify;\">El proyecto \u00abMinka\u00bb, nace del trabajo generado entre <a href=\"http:\/\/chile.ashoka.org\/\" target=\"_blank\">Ashoka<\/a>, <a href=\"http:\/\/centrodeinnovacion.uc.cl\/\" target=\"_blank\">COLAB de la Pontificia Universidad Cat\u00f3lica<\/a>, <a href=\"http:\/\/nesis.fen.uchile.cl\/equipo.html\" target=\"_blank\">NESIS de la Universidad de Chile<\/a> y el <a href=\"http:\/\/iisocial.udd.cl\/\" target=\"_blank\">Instituto de Innovaci\u00f3n Social de la <span class=\"highlight\">Universidad<\/span> <span class=\"highlight\">del<\/span> <span class=\"highlight\">Desarrollo<\/span><\/a>. El encuentro nacional que se realizar\u00e1, por primera vez en Valpara\u00edso, busca compartir experiencias, promover la importancia de la innovaci\u00f3n social y, al mismo tiempo, generar espacios y acciones colaborativas, tendientes a empoderar a las distintas comunidades como agentes catalizadores de cambio social.<\/p>\n<p style=\"text-align: justify;\">Noticia publicada en <strong><a href=\"http:\/\/map.conectamedia.cl\/index.php\/clippingNews\/view?id=625319&amp;email=10254&amp;fromemail=1\" target=\"_blank\">El Mercurio de Valpara\u00edso 19\/06\/2016<\/a><\/strong><\/p>\n","protected":false},"excerpt":{"rendered":"<p>El encuentro \u00abMinka\u00bb que se realizar\u00e1 en la PUCV y USM, tiene como principal objetivo, reunir a integrantes del mundo universitario y, adem\u00e1s, de organizaciones del mundo p\u00fablico y privado, que trabajen en los \u00e1mbitos del emprendimiento y la innovaci\u00f3n social. Bajo el lema \u00abUn Espacio colaborativo en la Formaci\u00f3n de agentes de cambio social\u00bb, [&hellip;]<\/p>\n","protected":false},"author":22,"featured_media":893,"comment_status":"open","ping_status":"open","sticky":false,"template":"","format":"standard","meta":{"footnotes":""},"categories":[10162],"tags":[12270,12271,11824,6995,12273,12272,4176],"class_list":["post-1941","post","type-post","status-publish","format-standard","has-post-thumbnail","hentry","category-centro-en-la-prensa","tag-ashoka","tag-colab-de-la-pontificia-universidad-catolica","tag-cpp","tag-innovacion","tag-innovacion-social","tag-nesis","tag-udd"],"featured_image_url":"https:\/\/gobierno.udd.cl\/cpp\/files\/2015\/05\/udd_cpp_prensa_340.png","_links":{"self":[{"href":"https:\/\/gobierno.udd.cl\/cpp\/wp-json\/wp\/v2\/posts\/1941","targetHints":{"allow":["GET"]}}],"collection":[{"href":"https:\/\/gobierno.udd.cl\/cpp\/wp-json\/wp\/v2\/posts"}],"about":[{"href":"https:\/\/gobierno.udd.cl\/cpp\/wp-json\/wp\/v2\/types\/post"}],"author":[{"embeddable":true,"href":"https:\/\/gobierno.udd.cl\/cpp\/wp-json\/wp\/v2\/users\/22"}],"replies":[{"embeddable":true,"href":"https:\/\/gobierno.udd.cl\/cpp\/wp-json\/wp\/v2\/comments?post=1941"}],"version-history":[{"count":1,"href":"https:\/\/gobierno.udd.cl\/cpp\/wp-json\/wp\/v2\/posts\/1941\/revisions"}],"predecessor-version":[{"id":1942,"href":"https:\/\/gobierno.udd.cl\/cpp\/wp-json\/wp\/v2\/posts\/1941\/revisions\/1942"}],"wp:featuredmedia":[{"embeddable":true,"href":"https:\/\/gobierno.udd.cl\/cpp\/wp-json\/wp\/v2\/media\/893"}],"wp:attachment":[{"href":"https:\/\/gobierno.udd.cl\/cpp\/wp-json\/wp\/v2\/media?parent=1941"}],"wp:term":[{"taxonomy":"category","embeddable":true,"href":"https:\/\/gobierno.udd.cl\/cpp\/wp-json\/wp\/v2\/categories?post=1941"},{"taxonomy":"post_tag","embeddable":true,"href":"https:\/\/gobierno.udd.cl\/cpp\/wp-json\/wp\/v2\/tags?post=1941"}],"curies":[{"name":"wp","href":"https:\/\/api.w.org\/{rel}","templated":true}]}}