{"id":1937,"date":"2016-06-23T09:09:11","date_gmt":"2016-06-23T13:09:11","guid":{"rendered":"http:\/\/gobierno.udd.cl\/cpp\/?p=1937"},"modified":"2016-06-23T09:09:11","modified_gmt":"2016-06-23T13:09:11","slug":"destruccion-creativa-para-invertir-por-lucas-palacios","status":"publish","type":"post","link":"https:\/\/gobierno.udd.cl\/cpp\/noticias\/2016\/06\/23\/destruccion-creativa-para-invertir-por-lucas-palacios\/","title":{"rendered":"Destrucci\u00f3n creativa para invertir por Lucas Palacios en biobiochile TV"},"content":{"rendered":"<p>&nbsp;<\/p>\n<div class=\"nota-interior fLeft\">\n<div class=\"data-notas fLeft\"><\/div>\n<div class=\"datos fLeft\"><\/div>\n<p style=\"text-align: justify;\">\u00abQuiz\u00e1s las aguas est\u00e1n demasiado turbias todav\u00eda como para una recuperaci\u00f3n fuerte de la inversi\u00f3n. Es obvio que hay reformas en curso que generan cierto nivel de inestabilidad e incertidumbre, tales como la laboral y la constitucional\u00bb, se\u00f1ala Lucas Palacios<\/p>\n<p style=\"text-align: justify;\">Revisa la TV-columna en <strong><a href=\"http:\/\/tv.biobiochile.cl\/noticias\/2016\/06\/16\/destruccion-creativa-para-invertir.shtml\" target=\"_blank\">biobiochile TV<\/a><\/strong><\/p>\n<\/div>\n","protected":false},"excerpt":{"rendered":"<p>&nbsp; \u00abQuiz\u00e1s las aguas est\u00e1n demasiado turbias todav\u00eda como para una recuperaci\u00f3n fuerte de la inversi\u00f3n. Es obvio que hay reformas en curso que generan cierto nivel de inestabilidad e incertidumbre, tales como la laboral y la constitucional\u00bb, se\u00f1ala Lucas Palacios Revisa la TV-columna en biobiochile TV<\/p>\n","protected":false},"author":22,"featured_media":893,"comment_status":"open","ping_status":"open","sticky":false,"template":"","format":"standard","meta":{"footnotes":""},"categories":[10162],"tags":[8604,11824,12267,13,12266,12265,9964,10641,4176],"class_list":["post-1937","post","type-post","status-publish","format-standard","has-post-thumbnail","hentry","category-centro-en-la-prensa","tag-constitucion","tag-cpp","tag-destruccion-creativa","tag-gobierno","tag-incertidumbre","tag-inestabilidad","tag-lucas-palacios","tag-reformas","tag-udd"],"featured_image_url":"https:\/\/gobierno.udd.cl\/cpp\/files\/2015\/05\/udd_cpp_prensa_340.png","_links":{"self":[{"href":"https:\/\/gobierno.udd.cl\/cpp\/wp-json\/wp\/v2\/posts\/1937","targetHints":{"allow":["GET"]}}],"collection":[{"href":"https:\/\/gobierno.udd.cl\/cpp\/wp-json\/wp\/v2\/posts"}],"about":[{"href":"https:\/\/gobierno.udd.cl\/cpp\/wp-json\/wp\/v2\/types\/post"}],"author":[{"embeddable":true,"href":"https:\/\/gobierno.udd.cl\/cpp\/wp-json\/wp\/v2\/users\/22"}],"replies":[{"embeddable":true,"href":"https:\/\/gobierno.udd.cl\/cpp\/wp-json\/wp\/v2\/comments?post=1937"}],"version-history":[{"count":1,"href":"https:\/\/gobierno.udd.cl\/cpp\/wp-json\/wp\/v2\/posts\/1937\/revisions"}],"predecessor-version":[{"id":1938,"href":"https:\/\/gobierno.udd.cl\/cpp\/wp-json\/wp\/v2\/posts\/1937\/revisions\/1938"}],"wp:featuredmedia":[{"embeddable":true,"href":"https:\/\/gobierno.udd.cl\/cpp\/wp-json\/wp\/v2\/media\/893"}],"wp:attachment":[{"href":"https:\/\/gobierno.udd.cl\/cpp\/wp-json\/wp\/v2\/media?parent=1937"}],"wp:term":[{"taxonomy":"category","embeddable":true,"href":"https:\/\/gobierno.udd.cl\/cpp\/wp-json\/wp\/v2\/categories?post=1937"},{"taxonomy":"post_tag","embeddable":true,"href":"https:\/\/gobierno.udd.cl\/cpp\/wp-json\/wp\/v2\/tags?post=1937"}],"curies":[{"name":"wp","href":"https:\/\/api.w.org\/{rel}","templated":true}]}}