{"id":1925,"date":"2016-06-17T21:11:25","date_gmt":"2016-06-18T01:11:25","guid":{"rendered":"http:\/\/gobierno.udd.cl\/cpp\/?p=1925"},"modified":"2016-06-17T21:11:25","modified_gmt":"2016-06-18T01:11:25","slug":"entrevista-a-miguel-angel-fernandez-ppk-gana-hasta-ahora-las-votaciones-tvn","status":"publish","type":"post","link":"https:\/\/gobierno.udd.cl\/cpp\/noticias\/2016\/06\/17\/entrevista-a-miguel-angel-fernandez-ppk-gana-hasta-ahora-las-votaciones-tvn\/","title":{"rendered":"Entrevista a Miguel \u00c1ngel Fern\u00e1ndez: PPK gana hasta ahora las votaciones &#8211; TVN"},"content":{"rendered":"<p><strong>TEMA:<\/strong><\/p>\n<p>PPK gana hasta ahora las votaciones.<\/p>\n<div>\n<ul>\n<li>Jornada decisiva en Per\u00fa, 23 millones de personas llegaron a los centros de votaci\u00f3n para elegir el pr\u00f3ximo Presidente del pa\u00eds.<\/li>\n<li>Extensa jornada en esta segunda vuelta que hasta ahora da como ganador por estrecho margen al l\u00edder del Partido por el Cambio Kuczynski por sobre Keiko Fujimori.<\/li>\n<li>88% de mesas escrutadas.<\/li>\n<li>Diferencia entre cinco votantes por cada mil votantes que deciden la elecci\u00f3n.<\/li>\n<li>Kuczynski habl\u00f3 sobre el NarcoEstado para buscar apoyo.<\/li>\n<\/ul>\n<p><strong>HABLA<\/strong>:<\/div>\n<ul>\n<li>Miguel \u00c1ngel Fern\u00e1ndez, analista internacional UDD<\/li>\n<\/ul>\n<p>&nbsp;<\/p>\n<p>Ver entrev\u00edsta <a href=\"http:\/\/map.conectamedia.cl\/index.php\/clippingNews\/view?id=580529&amp;email=9888&amp;fromemail=1\">AQU\u00cd<\/a><\/p>\n","protected":false},"excerpt":{"rendered":"<p>TEMA: PPK gana hasta ahora las votaciones. Jornada decisiva en Per\u00fa, 23 millones de personas llegaron a los centros de votaci\u00f3n para elegir el pr\u00f3ximo Presidente del pa\u00eds. Extensa jornada en esta segunda vuelta que hasta ahora da como ganador por estrecho margen al l\u00edder del Partido por el Cambio Kuczynski por sobre Keiko Fujimori. [&hellip;]<\/p>\n","protected":false},"author":22,"featured_media":893,"comment_status":"open","ping_status":"open","sticky":false,"template":"","format":"standard","meta":{"footnotes":""},"categories":[10162],"tags":[],"class_list":["post-1925","post","type-post","status-publish","format-standard","has-post-thumbnail","hentry","category-centro-en-la-prensa"],"featured_image_url":"https:\/\/gobierno.udd.cl\/cpp\/files\/2015\/05\/udd_cpp_prensa_340.png","_links":{"self":[{"href":"https:\/\/gobierno.udd.cl\/cpp\/wp-json\/wp\/v2\/posts\/1925","targetHints":{"allow":["GET"]}}],"collection":[{"href":"https:\/\/gobierno.udd.cl\/cpp\/wp-json\/wp\/v2\/posts"}],"about":[{"href":"https:\/\/gobierno.udd.cl\/cpp\/wp-json\/wp\/v2\/types\/post"}],"author":[{"embeddable":true,"href":"https:\/\/gobierno.udd.cl\/cpp\/wp-json\/wp\/v2\/users\/22"}],"replies":[{"embeddable":true,"href":"https:\/\/gobierno.udd.cl\/cpp\/wp-json\/wp\/v2\/comments?post=1925"}],"version-history":[{"count":1,"href":"https:\/\/gobierno.udd.cl\/cpp\/wp-json\/wp\/v2\/posts\/1925\/revisions"}],"predecessor-version":[{"id":1926,"href":"https:\/\/gobierno.udd.cl\/cpp\/wp-json\/wp\/v2\/posts\/1925\/revisions\/1926"}],"wp:featuredmedia":[{"embeddable":true,"href":"https:\/\/gobierno.udd.cl\/cpp\/wp-json\/wp\/v2\/media\/893"}],"wp:attachment":[{"href":"https:\/\/gobierno.udd.cl\/cpp\/wp-json\/wp\/v2\/media?parent=1925"}],"wp:term":[{"taxonomy":"category","embeddable":true,"href":"https:\/\/gobierno.udd.cl\/cpp\/wp-json\/wp\/v2\/categories?post=1925"},{"taxonomy":"post_tag","embeddable":true,"href":"https:\/\/gobierno.udd.cl\/cpp\/wp-json\/wp\/v2\/tags?post=1925"}],"curies":[{"name":"wp","href":"https:\/\/api.w.org\/{rel}","templated":true}]}}