{"id":1918,"date":"2016-06-17T20:59:27","date_gmt":"2016-06-18T00:59:27","guid":{"rendered":"http:\/\/gobierno.udd.cl\/cpp\/?p=1918"},"modified":"2016-06-17T21:19:14","modified_gmt":"2016-06-18T01:19:14","slug":"dolores-beckham-experta-en-educacion-invitada-por-el-magister-de-politicas-educativas-hay-que-pagarles-lo-mejor-posible-a-los-profesores","status":"publish","type":"post","link":"https:\/\/gobierno.udd.cl\/cpp\/noticias\/2016\/06\/17\/dolores-beckham-experta-en-educacion-invitada-por-el-magister-de-politicas-educativas-hay-que-pagarles-lo-mejor-posible-a-los-profesores\/","title":{"rendered":"Dolores Beckham, experta en educaci\u00f3n invitada por el Mag\u00edster de Pol\u00edticas Educativas: \u00abHay que pagarles lo mejor posible a los profesores\u00bb"},"content":{"rendered":"<div style=\"text-align: justify;\">\n<div id=\"gallery-1\" class=\"carousel slide carousel-gallery\" data-ride=\"false\" data-interval=\"false\"><div class=\"carousel-inner\" role=\"listbox\"><figure class=\"carousel-item active\"><img loading=\"lazy\" decoding=\"async\" width=\"640\" height=\"320\" src=\"https:\/\/gobierno.udd.cl\/cpp\/files\/2016\/06\/GaleriaBeckham1_1.png\" class=\"attachment-landscape_952 size-landscape_952 lazyload\" alt=\"\" sizes=\"auto, (max-width: 640px) 100vw, 640px\" data-src=\"https:\/\/gobierno.udd.cl\/cpp\/files\/2016\/06\/GaleriaBeckham1_1.png\" data-srcset=\"https:\/\/gobierno.udd.cl\/cpp\/files\/2016\/06\/GaleriaBeckham1_1.png 640w, https:\/\/gobierno.udd.cl\/cpp\/files\/2016\/06\/GaleriaBeckham1_1-300x150.png 300w\" \/><\/figure><figure class=\"carousel-item\"><img loading=\"lazy\" decoding=\"async\" width=\"624\" height=\"312\" src=\"https:\/\/gobierno.udd.cl\/cpp\/files\/2016\/06\/GaleriaBeckham4_4.png\" class=\"attachment-landscape_952 size-landscape_952 lazyload\" alt=\"\" sizes=\"auto, (max-width: 624px) 100vw, 624px\" data-src=\"https:\/\/gobierno.udd.cl\/cpp\/files\/2016\/06\/GaleriaBeckham4_4.png\" data-srcset=\"https:\/\/gobierno.udd.cl\/cpp\/files\/2016\/06\/GaleriaBeckham4_4.png 624w, https:\/\/gobierno.udd.cl\/cpp\/files\/2016\/06\/GaleriaBeckham4_4-300x150.png 300w\" \/><\/figure><figure class=\"carousel-item\"><img loading=\"lazy\" decoding=\"async\" width=\"644\" height=\"322\" src=\"https:\/\/gobierno.udd.cl\/cpp\/files\/2016\/06\/GaleriaBeckham3_3.png\" class=\"attachment-landscape_952 size-landscape_952 lazyload\" alt=\"\" sizes=\"auto, (max-width: 644px) 100vw, 644px\" data-src=\"https:\/\/gobierno.udd.cl\/cpp\/files\/2016\/06\/GaleriaBeckham3_3.png\" data-srcset=\"https:\/\/gobierno.udd.cl\/cpp\/files\/2016\/06\/GaleriaBeckham3_3.png 644w, https:\/\/gobierno.udd.cl\/cpp\/files\/2016\/06\/GaleriaBeckham3_3-300x150.png 300w\" \/><\/figure><figure class=\"carousel-item\"><img loading=\"lazy\" decoding=\"async\" width=\"639\" height=\"320\" src=\"https:\/\/gobierno.udd.cl\/cpp\/files\/2016\/06\/GaleriaBeckham2_2.png\" class=\"attachment-landscape_952 size-landscape_952 lazyload\" alt=\"\" sizes=\"auto, (max-width: 639px) 100vw, 639px\" data-src=\"https:\/\/gobierno.udd.cl\/cpp\/files\/2016\/06\/GaleriaBeckham2_2.png\" data-srcset=\"https:\/\/gobierno.udd.cl\/cpp\/files\/2016\/06\/GaleriaBeckham2_2.png 639w, https:\/\/gobierno.udd.cl\/cpp\/files\/2016\/06\/GaleriaBeckham2_2-300x150.png 300w\" \/><\/figure><figure class=\"carousel-item\"><img loading=\"lazy\" decoding=\"async\" width=\"618\" height=\"309\" src=\"https:\/\/gobierno.udd.cl\/cpp\/files\/2016\/06\/GaleriaBeckham6_6.png\" class=\"attachment-landscape_952 size-landscape_952 lazyload\" alt=\"\" sizes=\"auto, (max-width: 618px) 100vw, 618px\" data-src=\"https:\/\/gobierno.udd.cl\/cpp\/files\/2016\/06\/GaleriaBeckham6_6.png\" data-srcset=\"https:\/\/gobierno.udd.cl\/cpp\/files\/2016\/06\/GaleriaBeckham6_6.png 618w, https:\/\/gobierno.udd.cl\/cpp\/files\/2016\/06\/GaleriaBeckham6_6-300x150.png 300w\" \/><\/figure><figure class=\"carousel-item\"><img loading=\"lazy\" decoding=\"async\" width=\"641\" height=\"321\" src=\"https:\/\/gobierno.udd.cl\/cpp\/files\/2016\/06\/GaleriaBeckham1_3.png\" class=\"attachment-landscape_952 size-landscape_952 lazyload\" alt=\"\" sizes=\"auto, (max-width: 641px) 100vw, 641px\" data-src=\"https:\/\/gobierno.udd.cl\/cpp\/files\/2016\/06\/GaleriaBeckham1_3.png\" data-srcset=\"https:\/\/gobierno.udd.cl\/cpp\/files\/2016\/06\/GaleriaBeckham1_3.png 641w, https:\/\/gobierno.udd.cl\/cpp\/files\/2016\/06\/GaleriaBeckham1_3-300x150.png 300w\" \/><\/figure><\/div><footer class=\"carousel-footer\"><div class=\"carousel-counter\"><span class=\"carousel-counter-current\"><\/span> \/ <span class=\"carousel-counter-total\"><\/span><\/div><a class=\"carousel-control-prev\" href=\"#gallery-1\" role=\"button\" data-slide=\"prev\"><svg aria-hidden=\"true\" class=\"svg-chevron-left-dims\"><use xlink:href='https:\/\/gobierno.udd.cl\/cpp\/wp-content\/themes\/facultades-2018\/assets\/img\/svg\/dist\/main.svg?version=1695853099#chevron-left'><\/use><\/svg><span class=\"sr-only\">Anterior<\/span><\/a><a class=\"carousel-control-next\" href=\"#gallery-1\" role=\"button\" data-slide=\"next\"><svg aria-hidden=\"true\" class=\"svg-chevron-right-dims\"><use xlink:href='https:\/\/gobierno.udd.cl\/cpp\/wp-content\/themes\/facultades-2018\/assets\/img\/svg\/dist\/main.svg?version=1695853099#chevron-right'><\/use><\/svg><span class=\"sr-only\">Siguiente<\/span><\/a><\/footer><\/div>\n<\/div>\n<div style=\"text-align: justify;\">En entrevista con Diario El Pulso, Dolores Beckham, Directora de la Escuela Intermedia N\u00ba 145, en Queens, Nueva York, cont\u00f3 su experiencia de m\u00e1s de 18 a\u00f1os de trabajo con ni\u00f1os vulnerables, en que logr\u00f3 mejorar la vida de sobre 2.000 alumnos que hoy tienen comida, transporte gratis y hasta una cl\u00ednica en el escuela. La experta estuvo en Chile para participar del seminario de calidad y gesti\u00f3n de educaci\u00f3n de Libertad y Desarrollo y Universidad del Desarrollo.<\/div>\n<div style=\"text-align: justify;\">\n<p>Aqu\u00ed un muestra de la publicaci\u00f3n en El Pulso:<\/p>\n<p><strong>Uno de los temas que ha tratado la reforma educacional en Chile es la inclusi\u00f3n escolar. Se apunt\u00f3 al fin del copago y la no selecci\u00f3n en los colegios p\u00fablicos, \u00bfbasta con eso para lograr buenos resultados en esta materia?<\/strong><\/p>\n<p>D.B. El trabajo es mucho m\u00e1s profundo, no es solamente el dinero. El dinero es importante, pero cuando en las escuelas se reciben ni\u00f1os que son diferentes y vulnerables, se necesita entrenamiento. Por ejemplo, \u00bfc\u00f3mo van a planificar la clase para los diferentes grupos? Uno tiene que entender c\u00f3mo est\u00e1n aprendiendo, c\u00f3mo motivar a los profesores. Si no les est\u00e1n dando mucho dinero a los profesores y supervisores, eso tambi\u00e9n es un problema. Esto necesita tiempo, pero los profesores y los directores no lo pueden hacer solos. Ellos necesitan dinero y ayuda para desarrollar sus talentos para que puedan ayudar a los ni\u00f1os.<\/p>\n<p><strong>En Chile la educaci\u00f3n es muy segregada, \u00bfd\u00f3nde los profesores y directores pueden buscar esa ayuda que menciona?<\/strong><\/p>\n<\/div>\n<div style=\"text-align: justify;\"><\/div>\n<div style=\"text-align: justify;\">D.B.\u00a0Es necesario que los directores busquen recursos fuera de las escuelas, porque en general no le van a dar muchos recursos. (&#8230;)<\/div>\n<div style=\"text-align: justify;\"><\/div>\n<div style=\"text-align: justify;\"><\/div>\n<div style=\"text-align: justify;\">Para ver entrevista completa revisa el siguiente enlace<\/div>\n<div style=\"text-align: justify;\"><\/div>\n<div style=\"text-align: justify;\">\n<h4 style=\"text-align: center;\"><strong><a href=\"http:\/\/gobierno.udd.cl\/cpp\/files\/2016\/06\/6deb4c5e086a5ed0e87ea03beaf0484a_manual.jpg\" target=\"_blank\">DOLORES BECKHAM, EXPERTA EN EDUCACI\u00d3N<\/a><\/strong><\/h4>\n<\/div>\n","protected":false},"excerpt":{"rendered":"<p>Dolores Beckham es Directora de la Escuela Intermedia N\u00ba 145, en Queens, Nueva York y lleva m\u00e1s de 18 a\u00f1os trabajando con ni\u00f1os vulnerables. Participo del seminario de calidad y gesti\u00f3n de educaci\u00f3n de Libertad y Desarrollo y Universidad del Desarrollo, explicando su experiencia dirigiendo un recinto educativo donde m\u00e1s del 90% de sus estudiantes son hijos de padres latinoamericanos que buscan una mejor vida en Estados Unidos. Despu\u00e9s de muchas propuestas, encontr\u00f3 la forma de mejorarles la vida.<\/p>\n","protected":false},"author":22,"featured_media":1921,"comment_status":"open","ping_status":"open","sticky":false,"template":"","format":"standard","meta":{"footnotes":""},"categories":[4],"tags":[],"class_list":["post-1918","post","type-post","status-publish","format-standard","has-post-thumbnail","hentry","category-noticias"],"featured_image_url":"https:\/\/gobierno.udd.cl\/cpp\/files\/2016\/06\/DoloresBeckham.jpg","_links":{"self":[{"href":"https:\/\/gobierno.udd.cl\/cpp\/wp-json\/wp\/v2\/posts\/1918","targetHints":{"allow":["GET"]}}],"collection":[{"href":"https:\/\/gobierno.udd.cl\/cpp\/wp-json\/wp\/v2\/posts"}],"about":[{"href":"https:\/\/gobierno.udd.cl\/cpp\/wp-json\/wp\/v2\/types\/post"}],"author":[{"embeddable":true,"href":"https:\/\/gobierno.udd.cl\/cpp\/wp-json\/wp\/v2\/users\/22"}],"replies":[{"embeddable":true,"href":"https:\/\/gobierno.udd.cl\/cpp\/wp-json\/wp\/v2\/comments?post=1918"}],"version-history":[{"count":6,"href":"https:\/\/gobierno.udd.cl\/cpp\/wp-json\/wp\/v2\/posts\/1918\/revisions"}],"predecessor-version":[{"id":1924,"href":"https:\/\/gobierno.udd.cl\/cpp\/wp-json\/wp\/v2\/posts\/1918\/revisions\/1924"}],"wp:featuredmedia":[{"embeddable":true,"href":"https:\/\/gobierno.udd.cl\/cpp\/wp-json\/wp\/v2\/media\/1921"}],"wp:attachment":[{"href":"https:\/\/gobierno.udd.cl\/cpp\/wp-json\/wp\/v2\/media?parent=1918"}],"wp:term":[{"taxonomy":"category","embeddable":true,"href":"https:\/\/gobierno.udd.cl\/cpp\/wp-json\/wp\/v2\/categories?post=1918"},{"taxonomy":"post_tag","embeddable":true,"href":"https:\/\/gobierno.udd.cl\/cpp\/wp-json\/wp\/v2\/tags?post=1918"}],"curies":[{"name":"wp","href":"https:\/\/api.w.org\/{rel}","templated":true}]}}