{"id":1915,"date":"2016-06-15T23:16:07","date_gmt":"2016-06-16T03:16:07","guid":{"rendered":"http:\/\/gobierno.udd.cl\/cpp\/?p=1915"},"modified":"2016-06-15T23:16:07","modified_gmt":"2016-06-16T03:16:07","slug":"raul-jara-el-olvido-de-la-pobreza-la-tercera","status":"publish","type":"post","link":"https:\/\/gobierno.udd.cl\/cpp\/noticias\/2016\/06\/15\/raul-jara-el-olvido-de-la-pobreza-la-tercera\/","title":{"rendered":"Ra\u00fal Jara &#8211; El olvido de la pobreza &#8211; La Tercera"},"content":{"rendered":"<p style=\"text-align: justify;\">Urgente. Es el mensaje que entrega la campa\u00f1a publicitaria de TECHO al mostrarnos el drama de una familia que despierta por la lluvia que cae en su vivienda de campamento.<strong> El padre de familia sale bajo la lluvia a tapar goteras con un nylon mientras la madre va en busca de sus hijos, situaci\u00f3n dram\u00e1tica y angustiante<\/strong>, que finalmente es un sue\u00f1o \u2013recuerdo\u2013 de su paso por un campamento antes de la entrega de su vivienda definitiva. <strong>Lo lamentable es que es la realidad de 36.000 familias, no es un simple spot publicitario, ni menos un recuerdo.<\/strong><\/p>\n<p style=\"text-align: justify;\">El pasado 21 de mayo el mensaje presidencial ten\u00eda una oportunidad de darle un vuelco de 180 grados a la agenda y volver a poner en el tapete, como una prioridad, a las familias m\u00e1s vulnerables del pa\u00eds. La CASEN 2013 arroj\u00f3 con la nueva medici\u00f3n que un 14,4% vive en condiciones bajo la l\u00ednea de la pobreza, y lo que empeora a\u00fan m\u00e1s estos datos es el 4,5% de personas en indigencia. Actualmente 4 de cada 10 familias sufren alg\u00fan tipo de vulnerabilidad -entendiendo las nuevas mediciones de pobreza-,<strong> y donde los ni\u00f1os, mujeres y personas que viven en zonas rurales son las m\u00e1s afectadas, y representan a los grandes olvidados de la cuenta p\u00fablica.<\/strong><\/p>\n<p style=\"text-align: justify;\">Otra realidad se vive en los campamentos: considerando a las<strong> 36.023 familias, los datos arrojados por TECHO Chile nos indican que casi un 34% de los habitantes de campamentos son ni\u00f1os o adolescentes entre 0 a 14 a\u00f1os,<\/strong> la cifra casi llega a un 60% si lo estiramos hasta los 30 a\u00f1os. Adem\u00e1s, un 91% de las viviendas de campamento no tiene alcantarillado, s\u00f3lo un 2% de las personas llega a la universidad; por otro lado un 76% no tiene acceso a red de agua potable, la mitad no tiene paso formal a la red de electricidad y, en promedio, las viviendas se encuentran a 21.312 metros de distancia de un servicio de urgencia.<\/p>\n<p style=\"text-align: justify;\">Nuestro pecado capital, como sociedad, es el silencio. Hoy los movimientos sociales se han apropiado de la agenda, y basta ver el origen de la Ley Ricarte y la \u201cmarcha de los enfermos\u201d para visualizar lo reactivos que nos hemos transformado. Mientras tanto, la proactividad en las pol\u00edticas p\u00fablicas y la visi\u00f3n de largo plazo parecen ser una dulce y ut\u00f3pica a\u00f1oranza, estamos presos de la cultura del resultado y de dividendos a corto plazo. Hannah Arendt se\u00f1alaba \u201cla maldici\u00f3n de la pobreza radica m\u00e1s en la invisibilidad que en la indigencia\u201d, por lo que resulta violento percatarnos que nos hemos convertido en una sociedad que, en este caso,<strong> tiene un rostro oscuro, poco razonable y con una agenda social y pol\u00edtica injusta.<\/strong><\/p>\n<p style=\"text-align: justify;\">Para dar efecto a cambios y a una funci\u00f3n correctiva, es fundamental dar a conocer ejemplos que demuestren lo multidimensional de la pobreza, ilustrando que es una falta de libertad de la persona y una tragedia que destroza vidas, destruye la creatividad de las personas, convirti\u00e9ndose en una inminente p\u00e9rdida de talentos y que ahoga la felicidad. Por lo anterior, lo importante es generar empleos que entregan dignidad al propio esfuerzo y empodera a la persona, mejorar desde la sala de clases la educaci\u00f3n de nuestros ni\u00f1os, <strong>permitir el acceso a jardines infantiles y salas cuna, tener recintos hospitalarios m\u00e1s cercanos, entre otras prioridades que entreguen las condiciones m\u00ednimas para una vida satisfactoria.<\/strong><\/p>\n<p style=\"text-align: justify;\">Una ciudadan\u00eda activa es uno de los caminos a adoptar, tambi\u00e9n un cambio en las prioridades, ya sea en nuestras pol\u00edticas, instituciones, acciones individuales y colectivas, todo lo que puede ir en direcci\u00f3n de disminuir y eliminar la vulnerabilidad en nuestra sociedad. La pobreza se puede transformar en pleno <strong>siglo XXI en uno de los grandes cr\u00edmenes hacia los nuestros, por ende la importancia de un an\u00e1lisis social profundo para entender la naturaleza y causas de ella.<\/strong><\/p>\n<p style=\"text-align: justify;\">En efecto, la pol\u00edtica p\u00fablica m\u00e1s brutal ha sido el olvido de los que m\u00e1s nos requieren, existe un cierto miedo a la pobreza en ese aspecto, un miedo a los \u201colvidados\u201d, dado que de otro modo no se explicar\u00eda tal olvido. Debemos enfocarnos \u2013todos\u2013 en los que m\u00e1s nos necesitan,<strong>aunque su voz no est\u00e9n en estos momentos resonando en la plaza p\u00fablica, o en nuestro caso en Plaza Italia y la Alameda.<\/strong><\/p>\n<p style=\"text-align: justify;\">Revisa la columna completa <strong><a href=\"http:\/\/voces.latercera.com\/2016\/06\/10\/raul-jara\/el-olvido-de-la-pobreza\/\" target=\"_blank\">aqu\u00ed.<\/a><\/strong><\/p>\n","protected":false},"excerpt":{"rendered":"<p>Urgente. Es el mensaje que entrega la campa\u00f1a publicitaria de TECHO al mostrarnos el drama de una familia que despierta por la lluvia que cae en su vivienda de campamento. El padre de familia sale bajo la lluvia a tapar goteras con un nylon mientras la madre va en busca de sus hijos, situaci\u00f3n dram\u00e1tica [&hellip;]<\/p>\n","protected":false},"author":22,"featured_media":1733,"comment_status":"open","ping_status":"open","sticky":false,"template":"","format":"standard","meta":{"footnotes":""},"categories":[5095],"tags":[],"class_list":["post-1915","post","type-post","status-publish","format-standard","has-post-thumbnail","hentry","category-columnas-de-opinion"],"featured_image_url":"https:\/\/gobierno.udd.cl\/cpp\/files\/2016\/04\/Ra\u00fal-Jara.jpg","_links":{"self":[{"href":"https:\/\/gobierno.udd.cl\/cpp\/wp-json\/wp\/v2\/posts\/1915","targetHints":{"allow":["GET"]}}],"collection":[{"href":"https:\/\/gobierno.udd.cl\/cpp\/wp-json\/wp\/v2\/posts"}],"about":[{"href":"https:\/\/gobierno.udd.cl\/cpp\/wp-json\/wp\/v2\/types\/post"}],"author":[{"embeddable":true,"href":"https:\/\/gobierno.udd.cl\/cpp\/wp-json\/wp\/v2\/users\/22"}],"replies":[{"embeddable":true,"href":"https:\/\/gobierno.udd.cl\/cpp\/wp-json\/wp\/v2\/comments?post=1915"}],"version-history":[{"count":2,"href":"https:\/\/gobierno.udd.cl\/cpp\/wp-json\/wp\/v2\/posts\/1915\/revisions"}],"predecessor-version":[{"id":1917,"href":"https:\/\/gobierno.udd.cl\/cpp\/wp-json\/wp\/v2\/posts\/1915\/revisions\/1917"}],"wp:featuredmedia":[{"embeddable":true,"href":"https:\/\/gobierno.udd.cl\/cpp\/wp-json\/wp\/v2\/media\/1733"}],"wp:attachment":[{"href":"https:\/\/gobierno.udd.cl\/cpp\/wp-json\/wp\/v2\/media?parent=1915"}],"wp:term":[{"taxonomy":"category","embeddable":true,"href":"https:\/\/gobierno.udd.cl\/cpp\/wp-json\/wp\/v2\/categories?post=1915"},{"taxonomy":"post_tag","embeddable":true,"href":"https:\/\/gobierno.udd.cl\/cpp\/wp-json\/wp\/v2\/tags?post=1915"}],"curies":[{"name":"wp","href":"https:\/\/api.w.org\/{rel}","templated":true}]}}