{"id":1900,"date":"2016-06-12T23:41:12","date_gmt":"2016-06-13T03:41:12","guid":{"rendered":"http:\/\/gobierno.udd.cl\/cpp\/?p=1900"},"modified":"2016-06-12T23:43:08","modified_gmt":"2016-06-13T03:43:08","slug":"lucas-palacios-renuncia-de-kast-a-la-udi-en-radio-futuro","status":"publish","type":"post","link":"https:\/\/gobierno.udd.cl\/cpp\/noticias\/2016\/06\/12\/lucas-palacios-renuncia-de-kast-a-la-udi-en-radio-futuro\/","title":{"rendered":"Lucas Palacios: Renuncia de Kast a la UDI en Radio Futuro"},"content":{"rendered":"<p><strong>Panelistas:<\/strong><\/p>\n<p>Laura Albornoz, acad\u00e9mica U. de Chile, Rodrigo Echecopar, economista Fundaci\u00f3n Ciudadano Inteligente y Lucas Palacios, economista de la Universidad del Desarrollo<br \/>\n<\/p>\n<div><strong>Tema:<\/strong><\/div>\n<p><\/p>\n<div>Salida de Kast de la UDI<\/div>\n<p><\/p>\n<div>&#8211; Jaime Bellolio dice que podr\u00eda ser candidato a una primera<\/div>\n<div>&#8211; Kast fue muy valiente en la decisi\u00f3n. Hace un rato que ven\u00eda sinti\u00e9ndose muy c\u00f3modo en el partido.<\/div>\n<div>&#8211; Kast quer\u00eda que en mayo hubiera habido un cambio dentro del partido<\/div>\n<div>&#8211; Tampoco hay que hacer an\u00e1lisis por salida de Saffirio de la DC o de Auth de la UDI<\/div>\n<div>&#8211; Es preocupante ver porque est\u00e1n pasando estas cosas<\/div>\n<div>&#8211; Es una mezcla de factores el ver porque las figuras est\u00e1n dejando los partidos<\/div>\n<p><\/p>\n<div>Revisa el panel <a href=\"http:\/\/map.conectamedia.cl\/index.php\/clippingNews\/view?id=556712&amp;email=9528&amp;fromemail=1\">AQU\u00cd<\/a><\/div>\n","protected":false},"excerpt":{"rendered":"<p>Panelistas: Laura Albornoz, acad\u00e9mica U. de Chile, Rodrigo Echecopar, economista Fundaci\u00f3n Ciudadano Inteligente y Lucas Palacios, economista de la Universidad del Desarrollo Tema: Salida de Kast de la UDI &#8211; Jaime Bellolio dice que podr\u00eda ser candidato a una primera &#8211; Kast fue muy valiente en la decisi\u00f3n. Hace un rato que ven\u00eda sinti\u00e9ndose muy [&hellip;]<\/p>\n","protected":false},"author":22,"featured_media":893,"comment_status":"open","ping_status":"open","sticky":false,"template":"","format":"standard","meta":{"footnotes":""},"categories":[10162],"tags":[],"class_list":["post-1900","post","type-post","status-publish","format-standard","has-post-thumbnail","hentry","category-centro-en-la-prensa"],"featured_image_url":"https:\/\/gobierno.udd.cl\/cpp\/files\/2015\/05\/udd_cpp_prensa_340.png","_links":{"self":[{"href":"https:\/\/gobierno.udd.cl\/cpp\/wp-json\/wp\/v2\/posts\/1900","targetHints":{"allow":["GET"]}}],"collection":[{"href":"https:\/\/gobierno.udd.cl\/cpp\/wp-json\/wp\/v2\/posts"}],"about":[{"href":"https:\/\/gobierno.udd.cl\/cpp\/wp-json\/wp\/v2\/types\/post"}],"author":[{"embeddable":true,"href":"https:\/\/gobierno.udd.cl\/cpp\/wp-json\/wp\/v2\/users\/22"}],"replies":[{"embeddable":true,"href":"https:\/\/gobierno.udd.cl\/cpp\/wp-json\/wp\/v2\/comments?post=1900"}],"version-history":[{"count":2,"href":"https:\/\/gobierno.udd.cl\/cpp\/wp-json\/wp\/v2\/posts\/1900\/revisions"}],"predecessor-version":[{"id":1902,"href":"https:\/\/gobierno.udd.cl\/cpp\/wp-json\/wp\/v2\/posts\/1900\/revisions\/1902"}],"wp:featuredmedia":[{"embeddable":true,"href":"https:\/\/gobierno.udd.cl\/cpp\/wp-json\/wp\/v2\/media\/893"}],"wp:attachment":[{"href":"https:\/\/gobierno.udd.cl\/cpp\/wp-json\/wp\/v2\/media?parent=1900"}],"wp:term":[{"taxonomy":"category","embeddable":true,"href":"https:\/\/gobierno.udd.cl\/cpp\/wp-json\/wp\/v2\/categories?post=1900"},{"taxonomy":"post_tag","embeddable":true,"href":"https:\/\/gobierno.udd.cl\/cpp\/wp-json\/wp\/v2\/tags?post=1900"}],"curies":[{"name":"wp","href":"https:\/\/api.w.org\/{rel}","templated":true}]}}