{"id":1896,"date":"2016-06-12T23:34:01","date_gmt":"2016-06-13T03:34:01","guid":{"rendered":"http:\/\/gobierno.udd.cl\/cpp\/?p=1896"},"modified":"2016-06-12T23:36:33","modified_gmt":"2016-06-13T03:36:33","slug":"panel-querella-de-bachelet-a-que-pasa-con-lucas-palacios","status":"publish","type":"post","link":"https:\/\/gobierno.udd.cl\/cpp\/noticias\/2016\/06\/12\/panel-querella-de-bachelet-a-que-pasa-con-lucas-palacios\/","title":{"rendered":"Lucas Palacios: Querella de Bachelet a Qu\u00e9 Pasa en Radio Futuro"},"content":{"rendered":"<p><strong>Panelistas:<\/strong><\/p>\n<p>Laura Albornoz, acad\u00e9mica U. de Chile, Rodrigo Echecopar, economista Fundaci\u00f3n Ciudadano Inteligente y Lucas Palacios, economista de la Universidad del Desarrollo<\/p>\n<p><strong>Tema:<\/strong><\/p>\n<p>Querella de Bachelet a Qu\u00e9 Pasa<\/p>\n<div>&#8211; No s\u00e9 si es una buena estrategia de Bachelet querellarse.<\/div>\n<div>&#8211; No tengo los conocimientos del detalle<\/div>\n<div>&#8211; Es algo in\u00e9dito que un Presidente se querelle contra un medio de comunicaci\u00f3n<\/div>\n<div>&#8211; Lo que hay que ver cu\u00e1l es el rol de los medios de comunicaci\u00f3n. Ellos tienen el derecho a publicar la verdad<\/div>\n<div>&#8211; Es un precedente esto, pero habla de una democracia m\u00e1s s\u00f3lida<\/div>\n<div>&#8211; Las autoridades son sujetos que cada vez est\u00e1n m\u00e1s relacionados con temas judiciales<\/div>\n<div>&#8211; En la agenda corta antidelincuencia quisieron poner una norma anti filtraciones<\/div>\n<div>&#8211; Los medios deben hacerse responsable de lo que publican<br \/>\n&#8211; Para la democracia es mejor defenderse de algunas mentiras que ocultar cosas que pueden ser verdades.<\/div>\n<p>&nbsp;<\/p>\n<p>Revisar el Panel <a href=\"http:\/\/map.conectamedia.cl\/index.php\/clippingNews\/view?id=556711&amp;email=9528&amp;fromemail=1\">AQU\u00cd<\/a><\/p>\n","protected":false},"excerpt":{"rendered":"<p>Panelistas: Laura Albornoz, acad\u00e9mica U. de Chile, Rodrigo Echecopar, economista Fundaci\u00f3n Ciudadano Inteligente y Lucas Palacios, economista de la Universidad del Desarrollo Tema: Querella de Bachelet a Qu\u00e9 Pasa &#8211; No s\u00e9 si es una buena estrategia de Bachelet querellarse. &#8211; No tengo los conocimientos del detalle &#8211; Es algo in\u00e9dito que un Presidente se [&hellip;]<\/p>\n","protected":false},"author":22,"featured_media":893,"comment_status":"open","ping_status":"open","sticky":false,"template":"","format":"standard","meta":{"footnotes":""},"categories":[10162],"tags":[],"class_list":["post-1896","post","type-post","status-publish","format-standard","has-post-thumbnail","hentry","category-centro-en-la-prensa"],"featured_image_url":"https:\/\/gobierno.udd.cl\/cpp\/files\/2015\/05\/udd_cpp_prensa_340.png","_links":{"self":[{"href":"https:\/\/gobierno.udd.cl\/cpp\/wp-json\/wp\/v2\/posts\/1896","targetHints":{"allow":["GET"]}}],"collection":[{"href":"https:\/\/gobierno.udd.cl\/cpp\/wp-json\/wp\/v2\/posts"}],"about":[{"href":"https:\/\/gobierno.udd.cl\/cpp\/wp-json\/wp\/v2\/types\/post"}],"author":[{"embeddable":true,"href":"https:\/\/gobierno.udd.cl\/cpp\/wp-json\/wp\/v2\/users\/22"}],"replies":[{"embeddable":true,"href":"https:\/\/gobierno.udd.cl\/cpp\/wp-json\/wp\/v2\/comments?post=1896"}],"version-history":[{"count":3,"href":"https:\/\/gobierno.udd.cl\/cpp\/wp-json\/wp\/v2\/posts\/1896\/revisions"}],"predecessor-version":[{"id":1899,"href":"https:\/\/gobierno.udd.cl\/cpp\/wp-json\/wp\/v2\/posts\/1896\/revisions\/1899"}],"wp:featuredmedia":[{"embeddable":true,"href":"https:\/\/gobierno.udd.cl\/cpp\/wp-json\/wp\/v2\/media\/893"}],"wp:attachment":[{"href":"https:\/\/gobierno.udd.cl\/cpp\/wp-json\/wp\/v2\/media?parent=1896"}],"wp:term":[{"taxonomy":"category","embeddable":true,"href":"https:\/\/gobierno.udd.cl\/cpp\/wp-json\/wp\/v2\/categories?post=1896"},{"taxonomy":"post_tag","embeddable":true,"href":"https:\/\/gobierno.udd.cl\/cpp\/wp-json\/wp\/v2\/tags?post=1896"}],"curies":[{"name":"wp","href":"https:\/\/api.w.org\/{rel}","templated":true}]}}