{"id":1894,"date":"2016-06-11T20:24:12","date_gmt":"2016-06-12T00:24:12","guid":{"rendered":"http:\/\/gobierno.udd.cl\/cpp\/?p=1894"},"modified":"2016-06-11T20:24:12","modified_gmt":"2016-06-12T00:24:12","slug":"las-dudas-por-el-ambito-de-accion-del-ministerio-del-medio-ambiente","status":"publish","type":"post","link":"https:\/\/gobierno.udd.cl\/cpp\/noticias\/2016\/06\/11\/las-dudas-por-el-ambito-de-accion-del-ministerio-del-medio-ambiente\/","title":{"rendered":"Las dudas por el \u00e1mbito de acci\u00f3n del Ministerio del Medio Ambiente"},"content":{"rendered":"<p class=\"Tex_Normal\" style=\"text-align: justify;\">Si la misi\u00f3n del Ministerio del Medio Ambiente, creado en 2010 como una necesidad al problema ambiental en Chile, es liderar el desarrollo sustentable, a trav\u00e9s de la generaci\u00f3n de pol\u00edticas p\u00fablicas y regulaciones eficientes, promoviendo buenas pr\u00e1cticas y mejorando la educaci\u00f3n ambiental ciudadana \u00bfest\u00e1 haciendo su trabajo? \u00bfPodr\u00edamos asegurar que las actuales pol\u00edticas ambientales est\u00e1n siendo efectivas o que las nuevas se est\u00e1n dise\u00f1ando correctamente seg\u00fan las necesidades de nuestro pa\u00eds?<\/p>\n<p style=\"text-align: justify;\">Hugo Contreras, especialista del <a href=\"http:\/\/gobierno.udd.cl\/cpp\/equipo\/\" target=\"_blank\">Centro de Pol\u00edticas P\u00fablicas<\/a> de la <span class=\"highlight\">Universidad<\/span> <span class=\"highlight\">del<\/span> <span class=\"highlight\">Desarrollo<\/span> plantea sus dudas sobre el particular.<\/p>\n<p style=\"text-align: justify;\">De partida, se\u00f1ala que existe ambig\u00fcedad entre la funci\u00f3n del Ministerio del Medio Ambiente y sus \u00e1mbitos de acci\u00f3n. Aun cuando \u00e9ste es, de acuerdo a los grandes lineamientos que lo definen, el responsable de la protecci\u00f3n y conservaci\u00f3n de los recursos naturales renovables e h\u00eddricos, esto no se refleja en la bajada a sus objetivos y \u00e1mbitos de acci\u00f3n: all\u00ed no se incluye de manera expl\u00edcita acciones asociadas a estos temas.<\/p>\n<p style=\"text-align: justify;\">Es conocido el problema medioambiental ocurrido en las costas de Chilo\u00e9, pero la conservaci\u00f3n del patrimonio marino chileno, al parecer, no estar\u00eda dentro de las atribuciones del Ministerio.<\/p>\n<p style=\"text-align: justify;\">Entonces, \u00bfqui\u00e9n se hace cargo de la conservaci\u00f3n de los recursos naturales en Chile? Tomemos como ejemplo tres recursos naturales: bosques, peces y el agua. Al parecer, el Ministerio del Medio Ambiente no es responsable de la conservaci\u00f3n de ninguno de estos. La conservaci\u00f3n de los bosques es responsabilidad de la Corporaci\u00f3n Nacional Forestal (Conaf) dependiente del Ministerio de Agricultura, la de los peces es responsabilidad del Servicio Nacional de Pesca y Acuicultura (Sernapesca) dependiente del Ministerio de Econom\u00eda, Fomento y Turismo, y la conservaci\u00f3n del agua es de la Direcci\u00f3n General de Aguas (DGA), dependiente del Ministerio de Obras P\u00fablicas.<\/p>\n<p style=\"text-align: justify;\">Tres recursos naturales que dependen de organismos dependientes de diferentes Ministerios, ninguno de los cuales es el de Medio Ambiente. Este \u00faltimo no ejerce un rol coordinador que es fundamental para tratar de manera coherente la problem\u00e1tica ambiental a la que nuestro pa\u00eds se ve enfrentado. Este rol coordinador de la pol\u00edtica de conservaci\u00f3n de recursos parece estar ausente en el Estado Chileno.<\/p>\n<p style=\"text-align: justify;\">Lamentablemente los lineamientos del Ministerio del Medio Ambiente ya se establecieron hasta el a\u00f1o 2018, y all\u00ed, nuevamente, no se se\u00f1ala o define responsabilidad alguna asociada a la conservaci\u00f3n del patrimonio natural. Si no logramos revertir esto, la institucionalidad medioambiental de nuestro pa\u00eds seguir\u00e1 funcionando a medias, lo que ir\u00e1 en directo perjuicio de nuestro medioambiente y de los propios ciudadanos.<\/p>\n<p style=\"text-align: justify;\">Nota publicada en el <strong><a href=\"http:\/\/map.conectamedia.cl\/index.php\/clippingNews\/view?id=578928&amp;email=9528&amp;fromemail=1\" target=\"_blank\">Llanquihue de Puerto Montt 06\/06\/2016<\/a><\/strong><\/p>\n","protected":false},"excerpt":{"rendered":"<p>Entonces, \u00bfqui\u00e9n se hace cargo de la conservaci\u00f3n de los recursos naturales en Chile? Tomemos como ejemplo tres recursos naturales: bosques, peces y el agua. Al parecer, el Ministerio del Medio Ambiente no es responsable de la conservaci\u00f3n de ninguno de estos. La conservaci\u00f3n de los bosques es responsabilidad de la Corporaci\u00f3n Nacional Forestal (Conaf) dependiente del Ministerio de Agricultura, la de los peces es responsabilidad del Servicio Nacional de Pesca y Acuicultura (Sernapesca) dependiente del Ministerio de Econom\u00eda, Fomento y Turismo, y la conservaci\u00f3n del agua es de la Direcci\u00f3n General de Aguas (DGA), dependiente del Ministerio de Obras P\u00fablicas.<\/p>\n","protected":false},"author":22,"featured_media":893,"comment_status":"open","ping_status":"open","sticky":false,"template":"","format":"standard","meta":{"footnotes":""},"categories":[10162],"tags":[11824,12259,9983,12261,4176],"class_list":["post-1894","post","type-post","status-publish","format-standard","has-post-thumbnail","hentry","category-centro-en-la-prensa","tag-cpp","tag-crecimiento","tag-hugo-contreras","tag-ministerio-de-medio-ambiente","tag-udd"],"featured_image_url":"https:\/\/gobierno.udd.cl\/cpp\/files\/2015\/05\/udd_cpp_prensa_340.png","_links":{"self":[{"href":"https:\/\/gobierno.udd.cl\/cpp\/wp-json\/wp\/v2\/posts\/1894","targetHints":{"allow":["GET"]}}],"collection":[{"href":"https:\/\/gobierno.udd.cl\/cpp\/wp-json\/wp\/v2\/posts"}],"about":[{"href":"https:\/\/gobierno.udd.cl\/cpp\/wp-json\/wp\/v2\/types\/post"}],"author":[{"embeddable":true,"href":"https:\/\/gobierno.udd.cl\/cpp\/wp-json\/wp\/v2\/users\/22"}],"replies":[{"embeddable":true,"href":"https:\/\/gobierno.udd.cl\/cpp\/wp-json\/wp\/v2\/comments?post=1894"}],"version-history":[{"count":1,"href":"https:\/\/gobierno.udd.cl\/cpp\/wp-json\/wp\/v2\/posts\/1894\/revisions"}],"predecessor-version":[{"id":1895,"href":"https:\/\/gobierno.udd.cl\/cpp\/wp-json\/wp\/v2\/posts\/1894\/revisions\/1895"}],"wp:featuredmedia":[{"embeddable":true,"href":"https:\/\/gobierno.udd.cl\/cpp\/wp-json\/wp\/v2\/media\/893"}],"wp:attachment":[{"href":"https:\/\/gobierno.udd.cl\/cpp\/wp-json\/wp\/v2\/media?parent=1894"}],"wp:term":[{"taxonomy":"category","embeddable":true,"href":"https:\/\/gobierno.udd.cl\/cpp\/wp-json\/wp\/v2\/categories?post=1894"},{"taxonomy":"post_tag","embeddable":true,"href":"https:\/\/gobierno.udd.cl\/cpp\/wp-json\/wp\/v2\/tags?post=1894"}],"curies":[{"name":"wp","href":"https:\/\/api.w.org\/{rel}","templated":true}]}}