{"id":1874,"date":"2016-06-03T18:05:53","date_gmt":"2016-06-03T22:05:53","guid":{"rendered":"http:\/\/gobierno.udd.cl\/cpp\/?p=1874"},"modified":"2016-06-03T18:05:53","modified_gmt":"2016-06-03T22:05:53","slug":"codigo-de-aguas-incerteza-juridica-por-lucas-palacios","status":"publish","type":"post","link":"https:\/\/gobierno.udd.cl\/cpp\/noticias\/2016\/06\/03\/codigo-de-aguas-incerteza-juridica-por-lucas-palacios\/","title":{"rendered":"C\u00f3digo de Aguas: Incerteza jur\u00eddica por Lucas Palacios en #BioBioChileTV"},"content":{"rendered":"<p style=\"text-align: justify;\">En el discurso del 21 de mayo, la Presidenta Michelle Bachelet dijo una frase que me llam\u00f3 la atenci\u00f3n: \u201csin crecimiento sostenido el progreso social termina siendo una ilusi\u00f3n\u201d. Y le encuentro toda la raz\u00f3n. Entonces, la pregunta que nos podr\u00edamos hacer con la Presidenta es: \u00bfc\u00f3mo hacer para que nuestra econom\u00eda crezca en forma sostebida, generando as\u00ed m\u00e1s empleo y m\u00e1s oportunidades para todos?<\/p>\n<p style=\"text-align: justify;\">Te invitamos a revisar el video completo <strong><a href=\"http:\/\/tv.biobiochile.cl\/noticias\/2016\/06\/01\/codigo-de-aguas-incerteza-juridica.shtml\" target=\"_blank\">AQU\u00cd<\/a><\/strong><\/p>\n","protected":false},"excerpt":{"rendered":"<p>En el discurso del 21 de mayo, la Presidenta Michelle Bachelet dijo una frase que me llam\u00f3 la atenci\u00f3n: \u201csin crecimiento sostenido el progreso social termina siendo una ilusi\u00f3n\u201d. Y le encuentro toda la raz\u00f3n. Entonces, la pregunta que nos podr\u00edamos hacer con la Presidenta es: \u00bfc\u00f3mo hacer para que nuestra econom\u00eda crezca en forma [&hellip;]<\/p>\n","protected":false},"author":22,"featured_media":893,"comment_status":"open","ping_status":"open","sticky":false,"template":"","format":"standard","meta":{"footnotes":""},"categories":[10162],"tags":[12247,12249,12248,9964],"class_list":["post-1874","post","type-post","status-publish","format-standard","has-post-thumbnail","hentry","category-centro-en-la-prensa","tag-codigo-de-aguas","tag-derechos-de-propiedad","tag-incerteza","tag-lucas-palacios"],"featured_image_url":"https:\/\/gobierno.udd.cl\/cpp\/files\/2015\/05\/udd_cpp_prensa_340.png","_links":{"self":[{"href":"https:\/\/gobierno.udd.cl\/cpp\/wp-json\/wp\/v2\/posts\/1874","targetHints":{"allow":["GET"]}}],"collection":[{"href":"https:\/\/gobierno.udd.cl\/cpp\/wp-json\/wp\/v2\/posts"}],"about":[{"href":"https:\/\/gobierno.udd.cl\/cpp\/wp-json\/wp\/v2\/types\/post"}],"author":[{"embeddable":true,"href":"https:\/\/gobierno.udd.cl\/cpp\/wp-json\/wp\/v2\/users\/22"}],"replies":[{"embeddable":true,"href":"https:\/\/gobierno.udd.cl\/cpp\/wp-json\/wp\/v2\/comments?post=1874"}],"version-history":[{"count":1,"href":"https:\/\/gobierno.udd.cl\/cpp\/wp-json\/wp\/v2\/posts\/1874\/revisions"}],"predecessor-version":[{"id":1875,"href":"https:\/\/gobierno.udd.cl\/cpp\/wp-json\/wp\/v2\/posts\/1874\/revisions\/1875"}],"wp:featuredmedia":[{"embeddable":true,"href":"https:\/\/gobierno.udd.cl\/cpp\/wp-json\/wp\/v2\/media\/893"}],"wp:attachment":[{"href":"https:\/\/gobierno.udd.cl\/cpp\/wp-json\/wp\/v2\/media?parent=1874"}],"wp:term":[{"taxonomy":"category","embeddable":true,"href":"https:\/\/gobierno.udd.cl\/cpp\/wp-json\/wp\/v2\/categories?post=1874"},{"taxonomy":"post_tag","embeddable":true,"href":"https:\/\/gobierno.udd.cl\/cpp\/wp-json\/wp\/v2\/tags?post=1874"}],"curies":[{"name":"wp","href":"https:\/\/api.w.org\/{rel}","templated":true}]}}