{"id":1870,"date":"2016-06-03T17:55:38","date_gmt":"2016-06-03T21:55:38","guid":{"rendered":"http:\/\/gobierno.udd.cl\/cpp\/?p=1870"},"modified":"2017-01-17T08:35:41","modified_gmt":"2017-01-17T11:35:41","slug":"55-de-santiaguinos-cree-que-carabineros-actuan-inhibidos-por-temor-a-ser-sancionados","status":"publish","type":"post","link":"https:\/\/gobierno.udd.cl\/cpp\/noticias\/2016\/06\/03\/55-de-santiaguinos-cree-que-carabineros-actuan-inhibidos-por-temor-a-ser-sancionados\/","title":{"rendered":"Seg\u00fan #PanelCiudadano 55% de santiaguinos cree que carabineros act\u00faan inhibidos por temor a ser sancionados"},"content":{"rendered":"<p style=\"text-align: justify;\">\u00abBasta ya de poner en tela de juicio a los carabineros\u00bb, clam\u00f3 el general director de la instituci\u00f3n, Bruno Villalobos, luego de que parlamentarios comunistas cuestionaran el actuar policial frente a los violentos desmanes del 21 de mayo.<\/p>\n<p style=\"text-align: justify;\">Su desahogo abri\u00f3 todo un debate respecto de si los funcionarios uniformados cuentan con suficiente respaldo para el cumplimiento de su tarea, o si se sienten cohibidos ante la posibilidad de recibir sanciones o de ser acusados de incurrir en excesos.<\/p>\n<p style=\"text-align: justify;\">Es precisamente esa controversia la que aborda el \u00abPanel Ciudadano\u00bb, un nuevo sistema de sondeos del Centro de Pol\u00edticas P\u00fablicas de la Universidad del Desarrollo de la\u00a0<span class=\"highlight\">Universidad<\/span> <span class=\"highlight\">del<\/span> <span class=\"highlight\">Desarrollo<\/span>, en su debut p\u00fablico.<\/p>\n<p style=\"text-align: justify;\">Se trata de un mecanismo que, aprovechando las nuevas tecnolog\u00edas y la masividad en el uso de celulares, permite recoger con inmediatez las percepciones de las personas frente a hechos de alto impacto.\u00a0En este caso, mediante dos preguntas, el estudio midi\u00f3 el respaldo a Carabineros y las visiones respecto de si efectivamente los miembros del cuerpo policial act\u00faan \u00abinhibidos\u00bb por el temor a sanciones (ver infograf\u00eda con resultados).\u00a0La encuesta detect\u00f3 adem\u00e1s algunas variaciones en la evaluaci\u00f3n del actuar de los uniformados, determinadas por sexo y edad.<\/p>\n<p style=\"text-align: justify;\">Por ejemplo, las mujeres eval\u00faan a Carabineros m\u00e1s positivamente que los hombres: mientras que el 53% de ellas estiman que en las \u00faltimas manifestaciones p\u00fablicas los miembros de la instituci\u00f3n han actuado \u00abbien\u00bb, la cifra baja al 42% en el caso de los hombres.<\/p>\n<p style=\"text-align: justify;\">En t\u00e9rminos etarios, en tanto, el 53% de los mayores de 40 a\u00f1os les ponen nota positiva a los polic\u00edas, porcentaje que baja al 32% entre los menores de esa edad.<\/p>\n<p style=\"text-align: justify;\">Frente a la pregunta sobre la supuesta inhibici\u00f3n policial, tambi\u00e9n las diferencias de g\u00e9nero pesan: el 62% de los hombres creen que efectivamente los carabineros act\u00faan inhibidos, mientras que solo el 48% de las mujeres piensan as\u00ed.<\/p>\n<p style=\"text-align: justify;\"><strong>C\u00f3mo opera el \u00abPanel Ciudadano\u00bb<\/strong><\/p>\n<p style=\"text-align: justify;\">Reunir \u00ablo mejor de los dos mundos\u00bb es el concepto detr\u00e1s del sistema usado en el estudio: sumar las ventajas de rapidez y costo de las encuestas telef\u00f3nicas, con la confiabilidad estad\u00edstica que ofrecen las hechas en terreno.<\/p>\n<p style=\"text-align: justify;\">As\u00ed, el panel fue construido utilizando en una primera fase las metodolog\u00edas propias de estas \u00faltimas: se seleccion\u00f3 aleatoriamente una muestra de hogares, los que fueron visitados por los entrevistadores, quienes as\u00ed inscribieron a los participantes.<\/p>\n<p style=\"text-align: justify;\">De este modo se construy\u00f3 un panel de 1.200 personas a quienes -ya en la fase operativa- se les formulan preguntas de diversos t\u00f3picos de actualidad por medio de mensajes de texto, mismo mecanismo utilizado para enviar las respuestas.\u00a0El sistema opera con un software que permite ir visualizando los resultados en tiempo real, de modo parecido a como funciona el people meter televisivo.\u00a0Ello abre nuevas oportunidades para medir la \u00abtemperatura\u00bb ciudadana y evaluar con inmediatez el efecto sobre la opini\u00f3n p\u00fablica de eventos de alto impacto.<\/p>\n<p style=\"text-align: justify;\">Ver Encuesta de Panel P\u00fablico publicada en <strong><a href=\"http:\/\/gobierno.udd.cl\/cpp\/files\/2016\/06\/El-Mercurio1.pdf\" rel=\"\">El Mercurio 29\/05\/2016<\/a><\/strong><\/p>\n","protected":false},"excerpt":{"rendered":"<p>\u00abBasta ya de poner en tela de juicio a los carabineros\u00bb, clam\u00f3 el general director de la instituci\u00f3n, Bruno Villalobos, luego de que parlamentarios comunistas cuestionaran el actuar policial frente a los violentos desmanes del 21 de mayo.<\/p>\n","protected":false},"author":22,"featured_media":893,"comment_status":"open","ping_status":"open","sticky":false,"template":"","format":"standard","meta":{"footnotes":""},"categories":[10162,12124],"tags":[12245,12246,11824,20,10914,4176],"class_list":["post-1870","post","type-post","status-publish","format-standard","has-post-thumbnail","hentry","category-centro-en-la-prensa","category-panel-ciudadano","tag-panelciudadano","tag-ciudadano","tag-cpp","tag-el-mercurio","tag-panel","tag-udd"],"featured_image_url":"https:\/\/gobierno.udd.cl\/cpp\/files\/2015\/05\/udd_cpp_prensa_340.png","_links":{"self":[{"href":"https:\/\/gobierno.udd.cl\/cpp\/wp-json\/wp\/v2\/posts\/1870","targetHints":{"allow":["GET"]}}],"collection":[{"href":"https:\/\/gobierno.udd.cl\/cpp\/wp-json\/wp\/v2\/posts"}],"about":[{"href":"https:\/\/gobierno.udd.cl\/cpp\/wp-json\/wp\/v2\/types\/post"}],"author":[{"embeddable":true,"href":"https:\/\/gobierno.udd.cl\/cpp\/wp-json\/wp\/v2\/users\/22"}],"replies":[{"embeddable":true,"href":"https:\/\/gobierno.udd.cl\/cpp\/wp-json\/wp\/v2\/comments?post=1870"}],"version-history":[{"count":2,"href":"https:\/\/gobierno.udd.cl\/cpp\/wp-json\/wp\/v2\/posts\/1870\/revisions"}],"predecessor-version":[{"id":1873,"href":"https:\/\/gobierno.udd.cl\/cpp\/wp-json\/wp\/v2\/posts\/1870\/revisions\/1873"}],"wp:featuredmedia":[{"embeddable":true,"href":"https:\/\/gobierno.udd.cl\/cpp\/wp-json\/wp\/v2\/media\/893"}],"wp:attachment":[{"href":"https:\/\/gobierno.udd.cl\/cpp\/wp-json\/wp\/v2\/media?parent=1870"}],"wp:term":[{"taxonomy":"category","embeddable":true,"href":"https:\/\/gobierno.udd.cl\/cpp\/wp-json\/wp\/v2\/categories?post=1870"},{"taxonomy":"post_tag","embeddable":true,"href":"https:\/\/gobierno.udd.cl\/cpp\/wp-json\/wp\/v2\/tags?post=1870"}],"curies":[{"name":"wp","href":"https:\/\/api.w.org\/{rel}","templated":true}]}}