{"id":1835,"date":"2016-05-27T17:19:04","date_gmt":"2016-05-27T21:19:04","guid":{"rendered":"http:\/\/gobierno.udd.cl\/cpp\/?p=1835"},"modified":"2016-05-27T17:19:04","modified_gmt":"2016-05-27T21:19:04","slug":"cuenta-publica-y-mirada-al-futuro-por-raul-jara","status":"publish","type":"post","link":"https:\/\/gobierno.udd.cl\/cpp\/noticias\/2016\/05\/27\/cuenta-publica-y-mirada-al-futuro-por-raul-jara\/","title":{"rendered":"Cuenta p\u00fablica y mirada al futuro por Ra\u00fal Jara"},"content":{"rendered":"<p style=\"text-align: justify;\">Curioso e incluso nost\u00e1lgico fue el giro del discurso de la Presidenta este pasado 21 de mayo: le anteced\u00edan discursos rimbombantes por las reformas estructurales anunciadas, y ahora pasamos a una verdadera cuenta p\u00fablica con balances y recordatorios de reformas aprobadas, en marcha o por presentar, todas ellas sin los \u00e9xitos esperados. Por ende, fuimos testigos de una mandataria afable pero inc\u00f3moda, ciertamente cansada e inmersa en un ambiente de desafecci\u00f3n. Fue uno de los discursos de 21 de mayo m\u00e1s breve de la historia.<\/p>\n<p style=\"text-align: justify;\">De los momentos m\u00e1s altos, cuando se acerc\u00f3 a su anterior sello de protecci\u00f3n social y temas de g\u00e9nero, clave fue el anuncio de apoyo a los padres de hijos con enfermedades catastr\u00f3ficas, lo cual es bien recibido por todos. Por otro lado, la ciudadan\u00eda ya da por hecho que la econom\u00eda, el crecimiento y el empleo no son sus temas de mayor inter\u00e9s ni el de sus asesores. Fue un discurso de un tono gris, sin colores, distante de esa figura maternal de la Presidenta que le permiti\u00f3 en su minuto irse con un 80% de aprobaci\u00f3n, mientras hoy se percibe una especie sui generis a la espera del t\u00e9rmino de su propio mandato.<\/p>\n<p style=\"text-align: justify;\">La cuenta p\u00fablica se enfrentaba a varios desaf\u00edos. El pa\u00eds llegaba con un descr\u00e9dito y baja confianza en la pol\u00edtica, pol\u00edticos e instituciones, casos de corrupci\u00f3n han afectado tanto la actividad pol\u00edtica como empresarial; asimismo se mantiene el suspenso con un proyecto de reforma a la educaci\u00f3n superior, lo que desprende la interrogante de una nueva glosa presupuestaria y la clara decepci\u00f3n en los actores involucrados. La crisis en La Araucan\u00eda \u2013que pareciera no existir dentro de las prioridades\u2013 y un reciente conflicto en Chilo\u00e9 abren otras aristas. La seguridad ciudadana y la delincuencia son temas de inter\u00e9s general, una salud p\u00fablica con temas abiertos como por ejemplo la promesa de nuevos hospitales que proviene de discursos anteriores y el vilipendiado Transantiago \u2013un saco sin fondo\u2013, de las peores pol\u00edticas p\u00fablicas del siglo XXI, si es que no la peor.<\/p>\n<p style=\"text-align: justify;\">La Presidenta en su discurso relat\u00f3: \u201cCon hechos reales, ya empieza a concluirse lo que podr\u00edamos llamar la \u201cobra gruesa\u201d de nuestras reformas\u201d, cuando en realidad hasta el momento parecieran ser buenas intenciones, por no mencionar las que han tra\u00eddo malos resultados. El pecado capital de este Gobierno fue querer construir y reformar sin algo b\u00e1sico, el apoyo, sustento y cuidado del crecimiento econ\u00f3mico. Se predica que no existe billetera para seguir impulsando grandes cambios, lo\u00a0 cual se contradice con el\u00a0 millonario apoyo a TVN de US$ 70 millones o los m\u00e1s de $ 2.000 millones que se est\u00e1n invirtiendo en el Proceso Constituyente, en contraposici\u00f3n al aumento de 2.700 en 2013 a 134.000 el 2016 de personas en listas de espera para una cirug\u00eda, o la disminuci\u00f3n de becas m\u00e9dicas para especialistas de 1.443 a 1.000 durante el mismo periodo.<\/p>\n<p style=\"text-align: justify;\">Punto aparte y a destacar tres temas centrales. El primero es el empleo y la econom\u00eda, como se\u00f1al\u00f3 la Presidenta: \u201cEsta es mi invitaci\u00f3n hoy: hagamos un pacto por un crecimiento que se sostenga en el tiempo\u201d, pero sin anunciar algo sustantivo para retomar la senda del crecimiento econ\u00f3mico y que inspire seguridad e invitaci\u00f3n a la inversi\u00f3n extranjera, o que inspire a nuevos emprendedores. Esto se conecta con el segundo tema: nada se dijo de las 36 mil familias que hoy viven en campamentos y que aumentan a\u00f1o a a\u00f1o desde el 2014, o de los 2,4 millones de chilenos que hoy viven bajo la l\u00ednea de pobreza, por lo cual es justo preguntarnos, \u00bfEn qu\u00e9 momento estos compatriotas dejaron de ser prioridad?<\/p>\n<p style=\"text-align: justify;\">Una tercera arista es la educaci\u00f3n, quiz\u00e1s una de las m\u00e1s mencionadas pero, \u00bfde qu\u00e9 forma? Es preocupante que no exista menci\u00f3n alguna sobre los casi 100 mil ni\u00f1os que est\u00e1n excluidos del sistema educativo, la educaci\u00f3n pre-escolar y escolar siguen siento un tema pendiente en lo que acceso se refiere, con la gravedad de que es en la m\u00e1s temprana edad cuando se producen los mayores problemas y p\u00e9rdida de oportunidades. Sigue pendiente de igual forma el tema de la calidad.<\/p>\n<p style=\"text-align: justify;\">Hubo un llamado reiterado a confiar en Chile, al di\u00e1logo entre sectores, al creer y construir un pa\u00eds juntos, lo cual se contrapone a \u201cla retroexcavadora\u201d del senador Quintana o al \u201cquitar los patines\u201d del ministro Eyzaguirre. El lenguaje construye realidades y estas declaraciones guiaron claramente a un ambiente contrario. Sin embargo, debemos quedarnos y rescatar el llamado de la Presidenta, Chile lo construimos todos y debemos izar banderas desde lo logrado; pero la br\u00fajula, en t\u00e9rminos concretos, no se puede desprender del mencionado discurso, donde de igual modo se insiste en pol\u00edticas p\u00fablicas erradas, y a\u00f1ejadas por la ideolog\u00eda que las sustentan, lo cual contrar\u00eda al llamado Presidencial.<\/p>\n<p style=\"text-align: justify;\">El presente nos entrega un dilema como generaci\u00f3n, porque nos precede una generaci\u00f3n que nos devolvi\u00f3 la democracia. \u00bfCu\u00e1l ser\u00e1 la misi\u00f3n para los pr\u00f3ximos a\u00f1os? No basta con desvariar por redes sociales o ir a marchar, tenemos que insertarnos en la discusi\u00f3n y ser actores de ella, en cierta medida basta de observar y obligu\u00e9monos a movernos con valent\u00eda, sin miedo al fracaso, con energ\u00eda e imaginaci\u00f3n para crear. Hoy nuestra libertad y la democracia en que vivimos es poco valorada, porque nacimos en ella, es nuestro deber mantenerla y no socavarla, restaurando las confianzas.<\/p>\n<p style=\"text-align: justify;\">Pero el tiempo apremia, nuestra salida al escenario y ser protagonistas es ahora, para convertirnos en actores del Chile que esperamos, un pa\u00eds m\u00e1s justo, libre y solidario.<\/p>\n","protected":false},"excerpt":{"rendered":"<p>Curioso e incluso nost\u00e1lgico fue el giro del discurso de la Presidenta este pasado 21 de mayo: le anteced\u00edan discursos rimbombantes por las reformas estructurales anunciadas, y ahora pasamos a una verdadera cuenta p\u00fablica con balances y recordatorios de reformas aprobadas, en marcha o por presentar, todas ellas sin los \u00e9xitos esperados. Por ende, fuimos [&hellip;]<\/p>\n","protected":false},"author":22,"featured_media":1733,"comment_status":"open","ping_status":"open","sticky":false,"template":"","format":"standard","meta":{"footnotes":""},"categories":[5095],"tags":[9974,10154,11842],"class_list":["post-1835","post","type-post","status-publish","format-standard","has-post-thumbnail","hentry","category-columnas-de-opinion","tag-21-de-mayo","tag-cuenta-publica","tag-raul-jara"],"featured_image_url":"https:\/\/gobierno.udd.cl\/cpp\/files\/2016\/04\/Ra\u00fal-Jara.jpg","_links":{"self":[{"href":"https:\/\/gobierno.udd.cl\/cpp\/wp-json\/wp\/v2\/posts\/1835","targetHints":{"allow":["GET"]}}],"collection":[{"href":"https:\/\/gobierno.udd.cl\/cpp\/wp-json\/wp\/v2\/posts"}],"about":[{"href":"https:\/\/gobierno.udd.cl\/cpp\/wp-json\/wp\/v2\/types\/post"}],"author":[{"embeddable":true,"href":"https:\/\/gobierno.udd.cl\/cpp\/wp-json\/wp\/v2\/users\/22"}],"replies":[{"embeddable":true,"href":"https:\/\/gobierno.udd.cl\/cpp\/wp-json\/wp\/v2\/comments?post=1835"}],"version-history":[{"count":1,"href":"https:\/\/gobierno.udd.cl\/cpp\/wp-json\/wp\/v2\/posts\/1835\/revisions"}],"predecessor-version":[{"id":1836,"href":"https:\/\/gobierno.udd.cl\/cpp\/wp-json\/wp\/v2\/posts\/1835\/revisions\/1836"}],"wp:featuredmedia":[{"embeddable":true,"href":"https:\/\/gobierno.udd.cl\/cpp\/wp-json\/wp\/v2\/media\/1733"}],"wp:attachment":[{"href":"https:\/\/gobierno.udd.cl\/cpp\/wp-json\/wp\/v2\/media?parent=1835"}],"wp:term":[{"taxonomy":"category","embeddable":true,"href":"https:\/\/gobierno.udd.cl\/cpp\/wp-json\/wp\/v2\/categories?post=1835"},{"taxonomy":"post_tag","embeddable":true,"href":"https:\/\/gobierno.udd.cl\/cpp\/wp-json\/wp\/v2\/tags?post=1835"}],"curies":[{"name":"wp","href":"https:\/\/api.w.org\/{rel}","templated":true}]}}