{"id":182,"date":"2009-01-27T16:24:38","date_gmt":"2009-01-27T19:24:38","guid":{"rendered":"http:\/\/gobierno.udd.cl\/ceipp\/?p=182"},"modified":"2013-10-28T15:59:24","modified_gmt":"2013-10-28T18:59:24","slug":"una-mirada-economica-al-diseno-constitucional-chileno-impacto-sobre-el-proceso-legislativo-y-la-accion-de-los-grupos-de-interes","status":"publish","type":"post","link":"https:\/\/gobierno.udd.cl\/cpp\/noticias\/2009\/01\/27\/una-mirada-economica-al-diseno-constitucional-chileno-impacto-sobre-el-proceso-legislativo-y-la-accion-de-los-grupos-de-interes\/","title":{"rendered":"Una mirada econ\u00f3mica al dise\u00f1o constitucional chileno: Impacto sobre el proceso legislativo y la acci\u00f3n de los grupos de inter\u00e9s"},"content":{"rendered":"<p><a href=\"http:\/\/gobierno.udd.cl\/ceipp\/files\/2013\/01\/Constitucion-chilena-y-grupos-de-interes-N6.pdf\">Jos\u00e9 F. Garc\u00eda Garc\u00eda y Sebastian Soto. 07 -2009<\/a><\/p>\n","protected":false},"excerpt":{"rendered":"<p>Jos\u00e9 F. Garc\u00eda Garc\u00eda y Sebastian Soto. 07 -2009<\/p>\n","protected":false},"author":1,"featured_media":363,"comment_status":"open","ping_status":"open","sticky":false,"template":"","format":"standard","meta":{"footnotes":""},"categories":[18],"tags":[],"class_list":["post-182","post","type-post","status-publish","format-standard","has-post-thumbnail","hentry","category-estudios-y-publicaciones"],"featured_image_url":"https:\/\/gobierno.udd.cl\/cpp\/files\/2012\/11\/CEIPP1.png","_links":{"self":[{"href":"https:\/\/gobierno.udd.cl\/cpp\/wp-json\/wp\/v2\/posts\/182","targetHints":{"allow":["GET"]}}],"collection":[{"href":"https:\/\/gobierno.udd.cl\/cpp\/wp-json\/wp\/v2\/posts"}],"about":[{"href":"https:\/\/gobierno.udd.cl\/cpp\/wp-json\/wp\/v2\/types\/post"}],"author":[{"embeddable":true,"href":"https:\/\/gobierno.udd.cl\/cpp\/wp-json\/wp\/v2\/users\/1"}],"replies":[{"embeddable":true,"href":"https:\/\/gobierno.udd.cl\/cpp\/wp-json\/wp\/v2\/comments?post=182"}],"version-history":[{"count":4,"href":"https:\/\/gobierno.udd.cl\/cpp\/wp-json\/wp\/v2\/posts\/182\/revisions"}],"predecessor-version":[{"id":340,"href":"https:\/\/gobierno.udd.cl\/cpp\/wp-json\/wp\/v2\/posts\/182\/revisions\/340"}],"wp:featuredmedia":[{"embeddable":true,"href":"https:\/\/gobierno.udd.cl\/cpp\/wp-json\/wp\/v2\/media\/363"}],"wp:attachment":[{"href":"https:\/\/gobierno.udd.cl\/cpp\/wp-json\/wp\/v2\/media?parent=182"}],"wp:term":[{"taxonomy":"category","embeddable":true,"href":"https:\/\/gobierno.udd.cl\/cpp\/wp-json\/wp\/v2\/categories?post=182"},{"taxonomy":"post_tag","embeddable":true,"href":"https:\/\/gobierno.udd.cl\/cpp\/wp-json\/wp\/v2\/tags?post=182"}],"curies":[{"name":"wp","href":"https:\/\/api.w.org\/{rel}","templated":true}]}}