{"id":1814,"date":"2016-05-11T12:08:33","date_gmt":"2016-05-11T15:08:33","guid":{"rendered":"http:\/\/gobierno.udd.cl\/cpp\/?p=1814"},"modified":"2016-05-11T12:08:33","modified_gmt":"2016-05-11T15:08:33","slug":"panel-sobre-el-transantiago-en-el-centro-de-politicas-publicas","status":"publish","type":"post","link":"https:\/\/gobierno.udd.cl\/cpp\/noticias\/2016\/05\/11\/panel-sobre-el-transantiago-en-el-centro-de-politicas-publicas\/","title":{"rendered":"Panel sobre el Transantiago en el Centro de Pol\u00edticas P\u00fablicas"},"content":{"rendered":"<p style=\"text-align: justify;\">\u00abMe parece que 30 empresas ser\u00eda un buen n\u00famero, pero la autoridad no se va a mojar el potito con ninguna cifra\u00bb, dijo el ingeniero en Transporte de la UDP Louis de Grange al tocar uno de los objetivos de la pr\u00f3xima licitaci\u00f3n del Transantiago (programada para 2018): aumentar el n\u00famero de operadores y reducir el n\u00famero de buses de cada uno.<\/p>\n<p style=\"text-align: justify;\">As\u00ed fue el debate que esta ma\u00f1ana se realiz\u00f3 en el Centro de Pol\u00edticas P\u00fablicas de la <span class=\"highlight\">U<\/span>. <span class=\"highlight\">del<\/span> <span class=\"highlight\">Desarrollo<\/span>, donde tambi\u00e9n expusieron el director de la Subcretar\u00eda T\u00e9cnica del Ministerio de Transportes (unidad a cargo de dise\u00f1ar la licitaci\u00f3n), Carlos Melo, y el acad\u00e9mico del Centro de Pol\u00edticas P\u00fablicas, Rodrigo Troncoso.<\/p>\n<p style=\"text-align: justify;\">Melo revis\u00f3 las actuales condiciones del sistema y entre los puntos criticables mencion\u00f3 el uso de los buses articulados.<\/p>\n<p style=\"text-align: justify;\">\u00abEl sistema necesita de buses de alta capacidad. Por eso estamos estudiando alternativas como buses de quince metros o de dos pisos. Lo que s\u00ed est\u00e1 claro es mantener los buses de piso bajo, como los que existen actualmente en servicio y no regresar a los buses de piso alto\u00bb, revel\u00f3.<\/p>\n<p style=\"text-align: justify;\">De todos modos, defendi\u00f3 el papel del bus articulado. \u00abTiene un nicho propio. Es algo a tener en cuenta\u00bb, dijo.<\/p>\n<p style=\"text-align: justify;\">Sus alcances fueron rebatidos por De Grange \u2014el ingeniero UDP incluso dijo dudar que este gobierno haga una licitaci\u00f3n\u2014 porque a su juicio en m\u00e1s \u00fatil usar buses de piso alto. \u00abEn un bus de piso alto caben 44 asientos, en uno de piso bajo como m\u00e1ximo 26 asientos. Una persona que ha estado trabajando 9 o 10 horas y que despu\u00e9s tiene que viajar otra hora m\u00e1s a su casa, valora irse sentado. La accesibilidad toca al 1% de la poblaci\u00f3n\u00bb, dijo.<\/p>\n<p style=\"text-align: justify;\">M\u00e1s a\u00fan, De Grange cuestion\u00f3 que las marcas que se usan hoy en Santiago s\u00f3lo permiten una l\u00ednea de repuestos, que encarecen la mantenci\u00f3n. \u00abEn los buses articulados, el manual dec\u00eda que daban dos kil\u00f3metros por litro pero la realidad es que dan un kil\u00f3metro por litro, eso tambi\u00e9n es un costo extra\u00bb, subray\u00f3.<\/p>\n<p style=\"text-align: justify;\"><strong>Problemas econ\u00f3micos<\/strong><\/p>\n<p style=\"text-align: justify;\"><strong>Empresa al borde de dejar de operar<\/strong><\/p>\n<p style=\"text-align: justify;\">El acad\u00e9mico de la <span class=\"highlight\">UDD<\/span> Rodrigo Troncoso (Ph.D. en Econom\u00eda de la UC) aprovech\u00f3 de tocar la situaci\u00f3n econ\u00f3mica por la que pasan los actuales operadores del Transantiago. \u00abNo creo que Subus por ejemplo pueda terminar el a\u00f1o. Tienen p\u00e9rdidas gigantescas, que se han agudizado en los \u00faltimos dos a\u00f1os. Son superiores al 50% de sus activos y entre sus activos figuras sus buses que por su uso valen en realidad como chatarra\u00bb. A ello, Carlos Melo respondi\u00f3 que cualquier cese de operaciones como este tendr\u00eda un impacto en la futura licitaci\u00f3n.<\/p>\n<p style=\"text-align: justify;\">Para ver nota publicada en <strong><a href=\"http:\/\/map.conectamedia.cl\/index.php\/clippingNews\/view?id=415291&amp;email=8537&amp;fromemail=1\" target=\"_blank\">La Segunda 03\/05\/2016<\/a><\/strong><\/p>\n","protected":false},"excerpt":{"rendered":"<p>\u00abMe parece que 30 empresas ser\u00eda un buen n\u00famero, pero la autoridad no se va a mojar el potito con ninguna cifra\u00bb, dijo el ingeniero en Transporte de la UDP Louis de Grange al tocar uno de los objetivos de la pr\u00f3xima licitaci\u00f3n del Transantiago (programada para 2018): aumentar el n\u00famero de operadores y reducir [&hellip;]<\/p>\n","protected":false},"author":22,"featured_media":893,"comment_status":"open","ping_status":"open","sticky":false,"template":"","format":"standard","meta":{"footnotes":""},"categories":[10162],"tags":[12231,11860,12233,7386,12232],"class_list":["post-1814","post","type-post","status-publish","format-standard","has-post-thumbnail","hentry","category-centro-en-la-prensa","tag-de-grange","tag-louis-de-grange","tag-melo","tag-transantiago","tag-tronsoso"],"featured_image_url":"https:\/\/gobierno.udd.cl\/cpp\/files\/2015\/05\/udd_cpp_prensa_340.png","_links":{"self":[{"href":"https:\/\/gobierno.udd.cl\/cpp\/wp-json\/wp\/v2\/posts\/1814","targetHints":{"allow":["GET"]}}],"collection":[{"href":"https:\/\/gobierno.udd.cl\/cpp\/wp-json\/wp\/v2\/posts"}],"about":[{"href":"https:\/\/gobierno.udd.cl\/cpp\/wp-json\/wp\/v2\/types\/post"}],"author":[{"embeddable":true,"href":"https:\/\/gobierno.udd.cl\/cpp\/wp-json\/wp\/v2\/users\/22"}],"replies":[{"embeddable":true,"href":"https:\/\/gobierno.udd.cl\/cpp\/wp-json\/wp\/v2\/comments?post=1814"}],"version-history":[{"count":1,"href":"https:\/\/gobierno.udd.cl\/cpp\/wp-json\/wp\/v2\/posts\/1814\/revisions"}],"predecessor-version":[{"id":1815,"href":"https:\/\/gobierno.udd.cl\/cpp\/wp-json\/wp\/v2\/posts\/1814\/revisions\/1815"}],"wp:featuredmedia":[{"embeddable":true,"href":"https:\/\/gobierno.udd.cl\/cpp\/wp-json\/wp\/v2\/media\/893"}],"wp:attachment":[{"href":"https:\/\/gobierno.udd.cl\/cpp\/wp-json\/wp\/v2\/media?parent=1814"}],"wp:term":[{"taxonomy":"category","embeddable":true,"href":"https:\/\/gobierno.udd.cl\/cpp\/wp-json\/wp\/v2\/categories?post=1814"},{"taxonomy":"post_tag","embeddable":true,"href":"https:\/\/gobierno.udd.cl\/cpp\/wp-json\/wp\/v2\/tags?post=1814"}],"curies":[{"name":"wp","href":"https:\/\/api.w.org\/{rel}","templated":true}]}}