{"id":1805,"date":"2016-05-11T11:44:44","date_gmt":"2016-05-11T14:44:44","guid":{"rendered":"http:\/\/gobierno.udd.cl\/cpp\/?p=1805"},"modified":"2016-05-11T11:44:44","modified_gmt":"2016-05-11T14:44:44","slug":"gonzalo-muller-los-avances-en-temas-de-trasparencia-y-probidad-en-cnn-chile","status":"publish","type":"post","link":"https:\/\/gobierno.udd.cl\/cpp\/noticias\/2016\/05\/11\/gonzalo-muller-los-avances-en-temas-de-trasparencia-y-probidad-en-cnn-chile\/","title":{"rendered":"Gonzalo M\u00fcller &#8211; Los avances en temas de trasparencia y probidad en CNN Chile"},"content":{"rendered":"<p style=\"text-align: justify;\">Hace justo un a\u00f1o la Comisi\u00f3n Engel entreg\u00f3 sus propuestas para la transparencia al Gobierno. En este aniversario la Fundaci\u00f3n Ciudadano Inteligente y Espacio P\u00fablico evaluaron los avances de la agenda.<\/p>\n<p style=\"text-align: justify;\">Vea los comentarios de Gonzalo M\u00fcller en <strong><a href=\"http:\/\/map.conectamedia.cl\/index.php\/clippingNews\/view?id=398003&amp;email=8348&amp;fromemail=1\" target=\"_blank\">CNN Chile<\/a><\/strong><\/p>\n","protected":false},"excerpt":{"rendered":"<p>Hace justo un a\u00f1o la Comisi\u00f3n Engel entreg\u00f3 sus propuestas para la transparencia al Gobierno. En este aniversario la Fundaci\u00f3n Ciudadano Inteligente y Espacio P\u00fablico evaluaron los avances de la agenda. Vea los comentarios de Gonzalo M\u00fcller en CNN Chile<\/p>\n","protected":false},"author":22,"featured_media":893,"comment_status":"open","ping_status":"open","sticky":false,"template":"","format":"standard","meta":{"footnotes":""},"categories":[10162],"tags":[12224,11791,8096],"class_list":["post-1805","post","type-post","status-publish","format-standard","has-post-thumbnail","hentry","category-centro-en-la-prensa","tag-comision-engel","tag-muller","tag-transparencia"],"featured_image_url":"https:\/\/gobierno.udd.cl\/cpp\/files\/2015\/05\/udd_cpp_prensa_340.png","_links":{"self":[{"href":"https:\/\/gobierno.udd.cl\/cpp\/wp-json\/wp\/v2\/posts\/1805","targetHints":{"allow":["GET"]}}],"collection":[{"href":"https:\/\/gobierno.udd.cl\/cpp\/wp-json\/wp\/v2\/posts"}],"about":[{"href":"https:\/\/gobierno.udd.cl\/cpp\/wp-json\/wp\/v2\/types\/post"}],"author":[{"embeddable":true,"href":"https:\/\/gobierno.udd.cl\/cpp\/wp-json\/wp\/v2\/users\/22"}],"replies":[{"embeddable":true,"href":"https:\/\/gobierno.udd.cl\/cpp\/wp-json\/wp\/v2\/comments?post=1805"}],"version-history":[{"count":1,"href":"https:\/\/gobierno.udd.cl\/cpp\/wp-json\/wp\/v2\/posts\/1805\/revisions"}],"predecessor-version":[{"id":1806,"href":"https:\/\/gobierno.udd.cl\/cpp\/wp-json\/wp\/v2\/posts\/1805\/revisions\/1806"}],"wp:featuredmedia":[{"embeddable":true,"href":"https:\/\/gobierno.udd.cl\/cpp\/wp-json\/wp\/v2\/media\/893"}],"wp:attachment":[{"href":"https:\/\/gobierno.udd.cl\/cpp\/wp-json\/wp\/v2\/media?parent=1805"}],"wp:term":[{"taxonomy":"category","embeddable":true,"href":"https:\/\/gobierno.udd.cl\/cpp\/wp-json\/wp\/v2\/categories?post=1805"},{"taxonomy":"post_tag","embeddable":true,"href":"https:\/\/gobierno.udd.cl\/cpp\/wp-json\/wp\/v2\/tags?post=1805"}],"curies":[{"name":"wp","href":"https:\/\/api.w.org\/{rel}","templated":true}]}}