{"id":1802,"date":"2016-04-26T17:14:57","date_gmt":"2016-04-26T20:14:57","guid":{"rendered":"http:\/\/gobierno.udd.cl\/cpp\/?p=1802"},"modified":"2016-04-26T17:14:57","modified_gmt":"2016-04-26T20:14:57","slug":"lucas-palacios-en-panel-de-24-horas-tvn","status":"publish","type":"post","link":"https:\/\/gobierno.udd.cl\/cpp\/noticias\/2016\/04\/26\/lucas-palacios-en-panel-de-24-horas-tvn\/","title":{"rendered":"Lucas Palacios en panel de 24 horas TVN"},"content":{"rendered":"<p style=\"text-align: justify;\">Panelistas: Sandra Iturriaga, acad\u00e9mica Facultad de Arquitectura de la Universidad Cat\u00f3lica y Mapocho 42k, Lucas Palacios, ex subsecretario de Obras P\u00fablicas y acad\u00e9mico de la Facultad de Gobierno de la Universidad del Desarrollo UDD, Mario Venegas, diputado de la DC y Marcela Sabat, diputada de RN.<\/p>\n<p style=\"text-align: justify;\"><strong>Tema: Responsabilidad por salida del r\u00edo Mapocho.<\/strong><\/p>\n<p style=\"text-align: justify;\">\n<div>Para ver el panel completo:<\/div>\n<div><\/div>\n<div><strong><a href=\"http:\/\/map.conectamedia.cl\/index.php\/clippingNews\/view?id=388321&amp;email=8137&amp;fromemail=1\" target=\"_blank\">PARTE I<\/a><\/strong><\/div>\n<div><\/div>\n<div><strong><a href=\"http:\/\/map.conectamedia.cl\/index.php\/clippingNews\/view?id=388321&amp;email=8137&amp;fromemail=1\" target=\"_blank\">PARTE II<\/a><\/strong><\/div>\n<div><\/div>\n<div><\/div>\n","protected":false},"excerpt":{"rendered":"<p>Panelistas: Sandra Iturriaga, acad\u00e9mica Facultad de Arquitectura de la Universidad Cat\u00f3lica y Mapocho 42k, Lucas Palacios, ex subsecretario de Obras P\u00fablicas y acad\u00e9mico de la Facultad de Gobierno de la Universidad del Desarrollo UDD, Mario Venegas, diputado de la DC y Marcela Sabat, diputada de RN. Tema: Responsabilidad por salida del r\u00edo Mapocho. Para ver [&hellip;]<\/p>\n","protected":false},"author":22,"featured_media":893,"comment_status":"open","ping_status":"open","sticky":false,"template":"","format":"standard","meta":{"footnotes":""},"categories":[10162],"tags":[12223,9964,12222],"class_list":["post-1802","post","type-post","status-publish","format-standard","has-post-thumbnail","hentry","category-centro-en-la-prensa","tag-inundaciones","tag-lucas-palacios","tag-mapocho"],"featured_image_url":"https:\/\/gobierno.udd.cl\/cpp\/files\/2015\/05\/udd_cpp_prensa_340.png","_links":{"self":[{"href":"https:\/\/gobierno.udd.cl\/cpp\/wp-json\/wp\/v2\/posts\/1802","targetHints":{"allow":["GET"]}}],"collection":[{"href":"https:\/\/gobierno.udd.cl\/cpp\/wp-json\/wp\/v2\/posts"}],"about":[{"href":"https:\/\/gobierno.udd.cl\/cpp\/wp-json\/wp\/v2\/types\/post"}],"author":[{"embeddable":true,"href":"https:\/\/gobierno.udd.cl\/cpp\/wp-json\/wp\/v2\/users\/22"}],"replies":[{"embeddable":true,"href":"https:\/\/gobierno.udd.cl\/cpp\/wp-json\/wp\/v2\/comments?post=1802"}],"version-history":[{"count":1,"href":"https:\/\/gobierno.udd.cl\/cpp\/wp-json\/wp\/v2\/posts\/1802\/revisions"}],"predecessor-version":[{"id":1803,"href":"https:\/\/gobierno.udd.cl\/cpp\/wp-json\/wp\/v2\/posts\/1802\/revisions\/1803"}],"wp:featuredmedia":[{"embeddable":true,"href":"https:\/\/gobierno.udd.cl\/cpp\/wp-json\/wp\/v2\/media\/893"}],"wp:attachment":[{"href":"https:\/\/gobierno.udd.cl\/cpp\/wp-json\/wp\/v2\/media?parent=1802"}],"wp:term":[{"taxonomy":"category","embeddable":true,"href":"https:\/\/gobierno.udd.cl\/cpp\/wp-json\/wp\/v2\/categories?post=1802"},{"taxonomy":"post_tag","embeddable":true,"href":"https:\/\/gobierno.udd.cl\/cpp\/wp-json\/wp\/v2\/tags?post=1802"}],"curies":[{"name":"wp","href":"https:\/\/api.w.org\/{rel}","templated":true}]}}