{"id":1791,"date":"2016-04-21T08:33:51","date_gmt":"2016-04-21T11:33:51","guid":{"rendered":"http:\/\/gobierno.udd.cl\/cpp\/?p=1791"},"modified":"2016-04-21T08:36:04","modified_gmt":"2016-04-21T11:36:04","slug":"democracia-sin-electores-por-gonzalo-muller","status":"publish","type":"post","link":"https:\/\/gobierno.udd.cl\/cpp\/noticias\/2016\/04\/21\/democracia-sin-electores-por-gonzalo-muller\/","title":{"rendered":"Democracia sin electores por Gonzalo M\u00fcller"},"content":{"rendered":"<p class=\"TXT_BREVES\" style=\"text-align: justify;\">La participaci\u00f3n ciudadana es una de las claves de una democracia, signo de madurez y compromiso c\u00edvico. Por lo mismo, deber\u00edamos estar preocupados de los altos niveles de abstenci\u00f3n electoral que vivimos en las \u00faltimas elecciones y de que esto siga agrav\u00e1ndose en este nuevo ciclo electoral.<\/p>\n<p style=\"text-align: justify;\">El riesgo de terminar con una democracia sin electores, debiera ser objeto de atenci\u00f3n y esfuerzo por revertir esta tendencia desde los actores pol\u00edticos e institucionales.<\/p>\n<p style=\"text-align: justify;\">En la Encuesta <span class=\"highlight\">UDD<\/span>-El Sur solo un 44% dice que s\u00ed votara en las pr\u00f3ximas elecciones municipales, n\u00famero similar al que efectivamente participo el 2012, por lo que la expectativa es que se mantengan los altos niveles de abstenci\u00f3n.<\/p>\n<p style=\"text-align: justify;\">Pese a lo anterior un 56% sigue prefiriendo el voto voluntario, por sobre el 36% que preferir\u00eda volver al voto obligatorio.<\/p>\n<p style=\"text-align: justify;\">El que goza de una buena acogida por parte de los vecinos de las diferentes comunas es el mecanismo de primarias para definir a los candidatos a alcalde. Un 61% dice que le gustar\u00eda que los candidatos de los distintos bloques fueran elegidos por este sistema.<\/p>\n<p style=\"text-align: justify;\">Pero nuevamente el nivel de compromiso por participar es bajo: solo un 44% dice que votar\u00eda en las primarias de su comuna.<\/p>\n<p style=\"text-align: justify;\">La participaci\u00f3n pol\u00edtica y especialmente la electoral sigue en deuda, y no se ven cambios institucionales o una verdadera preocupaci\u00f3n por mejorarla.<\/p>\n<p style=\"text-align: justify;\">En el tema de seguridad -y en relaci\u00f3n a los hechos de violencia ocurridos el \u00faltimo tiempo en la provincia de Arauco- la gran mayor\u00eda fija la responsabilidad por asegurar el orden p\u00fablico en las autoridades pol\u00edticas: el intendente regional con un 38% y el gobernador provincial con un 43%, superan ampliamente a Carabineros, que es mencionado solo por un 14% como responsable.<\/p>\n<p style=\"text-align: justify;\">Esto refleja la distinci\u00f3n entre el problema pol\u00edtico y el policial que hacen los ciudadanos de la Regi\u00f3n.<\/p>\n<p style=\"text-align: justify;\">Ahora, al preguntarles c\u00f3mo se debiera referirse la autoridad a estos hechos de violencia, un 58% dice que como actos terroristas, un 26% como violencia rural y s\u00f3lo un 9% considera que debiera referirse a ellos como actos de delincuencia com\u00fan.<\/p>\n<p style=\"text-align: justify;\">El proceso constituyente reci\u00e9n iniciado tambi\u00e9n fue motivo de investigaci\u00f3n por parte de esta encuesta: un 28% se sent\u00eda informado de este y un 69% afirmaban no estarlo, aunque esta medici\u00f3n fue hecha antes de la cadena nacional de la Presidenta Bachelet que dio el vamos a este proceso.<\/p>\n<p style=\"text-align: justify;\">Aqu\u00ed nuevamente la participaci\u00f3n de los ciudadanos es la principal preocupaci\u00f3n, pues s\u00f3lo un 18% dice que estar\u00eda dispuesto a participar de los cabildos, un 20% no sabe y un 62% dice que no lo har\u00e1, demostrando as\u00ed poco inter\u00e9s. Lo m\u00e1s probable es que esto \u00faltimo est\u00e9 reforzado por el bajo conocimiento del mecanismo.<\/p>\n<p style=\"text-align: justify;\">En materia de preferencias presidenciales se producen cambios importantes. Si bien Sebasti\u00e1n Pi\u00f1era sigue liderando las preferencias, con un 29% de las menciones, hay un cambio en el segundo lugar donde hoy se impone Ricardo Lagos Escobar, con un 16% de las menciones y queda as\u00ed como el mejor exponente de la centro izquierda, desplazando a Marco Enr\u00edquez Ominami, quien pierde fuertemente terreno, bajando a un 9% de las menciones y ubic\u00e1ndose en un tercer lugar. Otro fen\u00f3meno que se observa es la mayor aparici\u00f3n de candidatos en las menciones espont\u00e1neas, anticipando que en la elecci\u00f3n del 2017 podr\u00edamos volver a contar con una larga lista de candidatos a primera vuelta.<\/p>\n<p style=\"text-align: justify;\">Columna publicada el<strong> <a href=\"http:\/\/map.conectamedia.cl\/index.php\/clippingNews\/view?id=385411&amp;email=7926&amp;fromemail=1\" target=\"_blank\">El Sur de Concepci\u00f3n 17\/04\/2016<\/a><\/strong><\/p>\n","protected":false},"excerpt":{"rendered":"<p>La participaci\u00f3n pol\u00edtica y especialmente la electoral sigue en deuda, y no se ven cambios institucionales o una verdadera preocupaci\u00f3n por mejorarla.<\/p>\n","protected":false},"author":22,"featured_media":768,"comment_status":"open","ping_status":"open","sticky":false,"template":"","format":"standard","meta":{"footnotes":""},"categories":[5095],"tags":[7385,9940,8140,9626],"class_list":["post-1791","post","type-post","status-publish","format-standard","has-post-thumbnail","hentry","category-columnas-de-opinion","tag-democracia","tag-encuesta-udd-el-sur","tag-gonzalo-muller","tag-participacion-ciudadana"],"featured_image_url":"https:\/\/gobierno.udd.cl\/cpp\/files\/2015\/01\/Gonzalo-M\u00fcller_destacada.jpg","_links":{"self":[{"href":"https:\/\/gobierno.udd.cl\/cpp\/wp-json\/wp\/v2\/posts\/1791","targetHints":{"allow":["GET"]}}],"collection":[{"href":"https:\/\/gobierno.udd.cl\/cpp\/wp-json\/wp\/v2\/posts"}],"about":[{"href":"https:\/\/gobierno.udd.cl\/cpp\/wp-json\/wp\/v2\/types\/post"}],"author":[{"embeddable":true,"href":"https:\/\/gobierno.udd.cl\/cpp\/wp-json\/wp\/v2\/users\/22"}],"replies":[{"embeddable":true,"href":"https:\/\/gobierno.udd.cl\/cpp\/wp-json\/wp\/v2\/comments?post=1791"}],"version-history":[{"count":3,"href":"https:\/\/gobierno.udd.cl\/cpp\/wp-json\/wp\/v2\/posts\/1791\/revisions"}],"predecessor-version":[{"id":1794,"href":"https:\/\/gobierno.udd.cl\/cpp\/wp-json\/wp\/v2\/posts\/1791\/revisions\/1794"}],"wp:featuredmedia":[{"embeddable":true,"href":"https:\/\/gobierno.udd.cl\/cpp\/wp-json\/wp\/v2\/media\/768"}],"wp:attachment":[{"href":"https:\/\/gobierno.udd.cl\/cpp\/wp-json\/wp\/v2\/media?parent=1791"}],"wp:term":[{"taxonomy":"category","embeddable":true,"href":"https:\/\/gobierno.udd.cl\/cpp\/wp-json\/wp\/v2\/categories?post=1791"},{"taxonomy":"post_tag","embeddable":true,"href":"https:\/\/gobierno.udd.cl\/cpp\/wp-json\/wp\/v2\/tags?post=1791"}],"curies":[{"name":"wp","href":"https:\/\/api.w.org\/{rel}","templated":true}]}}