{"id":1787,"date":"2016-04-21T08:11:02","date_gmt":"2016-04-21T11:11:02","guid":{"rendered":"http:\/\/gobierno.udd.cl\/cpp\/?p=1787"},"modified":"2016-04-21T08:11:02","modified_gmt":"2016-04-21T11:11:02","slug":"estudio-gobierno-udd-el-sur-dos-de-cada-tres-encuestados-no-sabe-del-proceso-constituyente","status":"publish","type":"post","link":"https:\/\/gobierno.udd.cl\/cpp\/noticias\/2016\/04\/21\/estudio-gobierno-udd-el-sur-dos-de-cada-tres-encuestados-no-sabe-del-proceso-constituyente\/","title":{"rendered":"Estudio Gobierno UDD-El Sur: Dos de cada tres encuestados no sabe del proceso constituyente"},"content":{"rendered":"<p class=\"TXT_SIN_CAP\" style=\"text-align: justify;\">Dos de cada tres personas entrevistadas en la \u00faltima Encuesta <span class=\"highlight\">UDD<\/span>-El Sur, afirma no estar informada acerca del proceso constituyente en curso en el pa\u00eds y cuyo primer hito de car\u00e1cter masivo ser\u00e1n los cabildos comunales que comenzar\u00e1n el pr\u00f3ximo d\u00eda s\u00e1bado 23 del presente mes, en todo el pa\u00eds.<\/p>\n<p style=\"text-align: justify;\">El resultado exacto indica que un 69% de los encuestados responde \u00abNo\u00bb, a la pregunta \u00ab\u00bfEst\u00e1 usted informado sobre el proceso constituyente que ha iniciado el Gobierno de la Presidenta Bachelet?\u00bb, mientras un 28% dice que s\u00ed lo est\u00e1 y un 3% no sabe o no contest\u00f3 la pregunta.<\/p>\n<p style=\"text-align: justify;\">Esta respuesta revela el bajo nivel de conocimiento con que se est\u00e1 implementando este proceso, lo que explica la fuerte campa\u00f1a comunicacional iniciada en los \u00faltimos d\u00edas por parte del Gobierno para aumentar el grado de conocimiento de este mecanismo. De hecho, esto incluy\u00f3 una cadena nacional realizada esta semana por la Presidenta de la Rep\u00fablica, Michelle Bachelet, donde invit\u00f3 a los chilenos a participar directamente del proceso constituyente y explic\u00f3 los principales elementos de las primeras etapas del Proceso de la Nueva Constituci\u00f3n.<\/p>\n<p style=\"text-align: justify;\">De la mano del resultado para la citada pregunta, se encuentra el hecho que s\u00f3lo un 18% de los consultados est\u00e1 pensando en participar del proceso, mientras un 62% lo rechaza de plano y un 20% no sabe o no contest\u00f3.<\/p>\n<p style=\"text-align: justify;\">Esto refleja uno de los grandes desaf\u00edos que se enfrentan de cara al procedimiento, c\u00f3mo es legitimarlo a partir del grado de participaci\u00f3n que tendr\u00e1n los ciudadanos de regiones como el Biob\u00edo.<\/p>\n<p style=\"text-align: justify;\">La encuesta aplicada en cinco comunas de la Regi\u00f3n (ver detalles en ficha t\u00e9cnica) tambi\u00e9n hizo referencia a uno de los temas m\u00e1s pol\u00e9micos del presente mes: el acuerdo entre la justicia y los representantes legales de los seis ex funcionarios considerados responsables de una fallida alerta de tsunami tras el terremoto de 2010, para suspender el tr\u00e1mite y evitar as\u00ed un juicio oral.<\/p>\n<p style=\"text-align: justify;\">Al respecto, un 72% del total de las respuestas apunt\u00f3 a considerar negativamente la resoluci\u00f3n (41% \u00abMuy mal\u00bb y 31% \u00abMal\u00bb), mientras que s\u00f3lo un 28% la apoy\u00f3 (24% \u00abBien\u00bb y 4 \u00abMuy bien\u00bb). En este caso, el grado de conocimiento del tema mostrado por la ciudadan\u00eda fue mucho mayor, ya que casi dos de tres de los encuestados estaba enterado del tema.<\/p>\n<p style=\"text-align: justify;\">Ver nota completa publicada en <strong><a href=\"http:\/\/map.conectamedia.cl\/index.php\/clippingNews\/view?id=385412&amp;email=7887&amp;fromemail=1\" target=\"_blank\">El Sur Concepci\u00f3n 17\/04\/2016<\/a><\/strong><\/p>\n","protected":false},"excerpt":{"rendered":"<p>Dos de cada tres personas entrevistadas en la \u00faltima Encuesta UDD-El Sur, afirma no estar informada acerca del proceso constituyente en curso en el pa\u00eds y cuyo primer hito de car\u00e1cter masivo ser\u00e1n los cabildos comunales que comenzar\u00e1n el pr\u00f3ximo d\u00eda s\u00e1bado 23 del presente mes, en todo el pa\u00eds.<\/p>\n","protected":false},"author":22,"featured_media":853,"comment_status":"open","ping_status":"open","sticky":false,"template":"","format":"standard","meta":{"footnotes":""},"categories":[4],"tags":[9940],"class_list":["post-1787","post","type-post","status-publish","format-standard","has-post-thumbnail","hentry","category-noticias","tag-encuesta-udd-el-sur"],"featured_image_url":"https:\/\/gobierno.udd.cl\/cpp\/files\/2015\/04\/FOTO-UDD-DIARIO-EL-SUR.jpg","_links":{"self":[{"href":"https:\/\/gobierno.udd.cl\/cpp\/wp-json\/wp\/v2\/posts\/1787","targetHints":{"allow":["GET"]}}],"collection":[{"href":"https:\/\/gobierno.udd.cl\/cpp\/wp-json\/wp\/v2\/posts"}],"about":[{"href":"https:\/\/gobierno.udd.cl\/cpp\/wp-json\/wp\/v2\/types\/post"}],"author":[{"embeddable":true,"href":"https:\/\/gobierno.udd.cl\/cpp\/wp-json\/wp\/v2\/users\/22"}],"replies":[{"embeddable":true,"href":"https:\/\/gobierno.udd.cl\/cpp\/wp-json\/wp\/v2\/comments?post=1787"}],"version-history":[{"count":1,"href":"https:\/\/gobierno.udd.cl\/cpp\/wp-json\/wp\/v2\/posts\/1787\/revisions"}],"predecessor-version":[{"id":1788,"href":"https:\/\/gobierno.udd.cl\/cpp\/wp-json\/wp\/v2\/posts\/1787\/revisions\/1788"}],"wp:featuredmedia":[{"embeddable":true,"href":"https:\/\/gobierno.udd.cl\/cpp\/wp-json\/wp\/v2\/media\/853"}],"wp:attachment":[{"href":"https:\/\/gobierno.udd.cl\/cpp\/wp-json\/wp\/v2\/media?parent=1787"}],"wp:term":[{"taxonomy":"category","embeddable":true,"href":"https:\/\/gobierno.udd.cl\/cpp\/wp-json\/wp\/v2\/categories?post=1787"},{"taxonomy":"post_tag","embeddable":true,"href":"https:\/\/gobierno.udd.cl\/cpp\/wp-json\/wp\/v2\/tags?post=1787"}],"curies":[{"name":"wp","href":"https:\/\/api.w.org\/{rel}","templated":true}]}}