{"id":1778,"date":"2016-04-20T08:41:21","date_gmt":"2016-04-20T11:41:21","guid":{"rendered":"http:\/\/gobierno.udd.cl\/cpp\/?p=1778"},"modified":"2016-04-20T16:10:28","modified_gmt":"2016-04-20T19:10:28","slug":"estudio-del-cpp-cuestiona-las-distancias-que-hay-que-recorrer-para-ir-a-votar","status":"publish","type":"post","link":"https:\/\/gobierno.udd.cl\/cpp\/noticias\/2016\/04\/20\/estudio-del-cpp-cuestiona-las-distancias-que-hay-que-recorrer-para-ir-a-votar\/","title":{"rendered":"Estudio del CPP sobre abstenci\u00f3n electoral cuestiona las distancias que hay que recorrer para ir a votar"},"content":{"rendered":"<p style=\"text-align: justify;\">Otra mirada al fen\u00f3meno de la abstenci\u00f3n fija el foco en el Servel, que no ha adaptado los locales de votaci\u00f3n a las tendencias habitacionales de los chilenos&#8230; al menos de los de la Regi\u00f3n Metropolitana. Sin gastar un peso m\u00e1s, se podr\u00edan dar mayores facilidades.<\/p>\n<p style=\"text-align: justify;\">Los locales de votaci\u00f3n, en buena parte del Gran Santiago, est\u00e1n m\u00e1s lejos que cerca de los lugares donde actualmente vive la gente.\u00a0Esta es la conclusi\u00f3n a la que llega una original investigaci\u00f3n de la Escuela de Gobierno de la <span class=\"highlight\">Universidad<\/span> <span class=\"highlight\">del<\/span> <span class=\"highlight\">Desarrollo<\/span>, reveladora de c\u00f3mo no se hacen bien las cosas sencillas.\u00a0Si la abstenci\u00f3n electoral es un problema; si se ha dispuesto que las elecciones se hagan en domingo y haya locomoci\u00f3n gratis para que las personas concurran a votar, este antecedente sobre la distribuci\u00f3n espacial de los locales de votaci\u00f3n resulta ser un cabo suelto que ha dejado el Servicio Electoral y que tiene la m\u00e1s f\u00e1cil de las soluciones.<\/p>\n<p style=\"text-align: justify;\">As\u00ed como son importantes los tama\u00f1os de los distritos y la identificaci\u00f3n de la poblaci\u00f3n que ah\u00ed vota, en sus aspectos sociales, econ\u00f3micos y culturales, un punto clave es la forma c\u00f3mo se vota.\u00a0Los pa\u00edses m\u00e1s avanzados lo hacen por internet; otros tienen los antecedentes electorales en l\u00ednea, cosa que permite votar en cualquier parte del territorio, incluyendo las embajadas.<\/p>\n<p style=\"text-align: justify;\">Pero el caso chileno bien sabemos que es de manera presencial, en las urnas, para lo cual se disponen locales en los que funcionan las mesas receptoras de sufragios, frente a las cuales se suelen armar colas por el tiempo que toma registrar el acto, a mano, huella digital incluida, en grandes cuadernos.\u00a0M\u00e1s lejan\u00eda, m\u00e1s desincentivo.<\/p>\n<p style=\"text-align: justify;\">El estudio no objeta este punto preciso, sino otra arista del an\u00e1lisis geogr\u00e1fico.\u00a0Y es el desfase que se ha producido, con el tiempo, entre los locales de votaci\u00f3n, que han permanecido en buena medida est\u00e1ticos -los mismos- y las tendencias de los habitantes de la Regi\u00f3n Metropolitana que se van a vivir cada vez m\u00e1s hacia la precordillera.<\/p>\n<p style=\"text-align: justify;\">Para ver el estudio completo publicado en <strong>Reportajes de <a href=\"http:\/\/map.conectamedia.cl\/index.php\/clippingNews\/view?id=385396&amp;email=7926&amp;fromemail=1\" target=\"_blank\">El Mercurio 17\/04\/2016<\/a><\/strong><\/p>\n","protected":false},"excerpt":{"rendered":"<p>Los investigadores del Centro de Pol\u00edticas P\u00fablicas de la UDD Eugenio Guzm\u00e1n, Hugo Contreras y Miguel \u00c1ngel Fern\u00e1ndez parten por advertir que este ejercicio se hace internacionalmente -y lo demuestran con amplia bibliograf\u00eda-, como parte del an\u00e1lisis geogr\u00e1fico para la comprensi\u00f3n del comportamiento electoral y pol\u00edtico.<\/p>\n","protected":false},"author":22,"featured_media":893,"comment_status":"open","ping_status":"open","sticky":false,"template":"","format":"standard","meta":{"footnotes":""},"categories":[10162],"tags":[11868,9983],"class_list":["post-1778","post","type-post","status-publish","format-standard","has-post-thumbnail","hentry","category-centro-en-la-prensa","tag-abstencion-electoral","tag-hugo-contreras"],"featured_image_url":"https:\/\/gobierno.udd.cl\/cpp\/files\/2015\/05\/udd_cpp_prensa_340.png","_links":{"self":[{"href":"https:\/\/gobierno.udd.cl\/cpp\/wp-json\/wp\/v2\/posts\/1778","targetHints":{"allow":["GET"]}}],"collection":[{"href":"https:\/\/gobierno.udd.cl\/cpp\/wp-json\/wp\/v2\/posts"}],"about":[{"href":"https:\/\/gobierno.udd.cl\/cpp\/wp-json\/wp\/v2\/types\/post"}],"author":[{"embeddable":true,"href":"https:\/\/gobierno.udd.cl\/cpp\/wp-json\/wp\/v2\/users\/22"}],"replies":[{"embeddable":true,"href":"https:\/\/gobierno.udd.cl\/cpp\/wp-json\/wp\/v2\/comments?post=1778"}],"version-history":[{"count":2,"href":"https:\/\/gobierno.udd.cl\/cpp\/wp-json\/wp\/v2\/posts\/1778\/revisions"}],"predecessor-version":[{"id":1780,"href":"https:\/\/gobierno.udd.cl\/cpp\/wp-json\/wp\/v2\/posts\/1778\/revisions\/1780"}],"wp:featuredmedia":[{"embeddable":true,"href":"https:\/\/gobierno.udd.cl\/cpp\/wp-json\/wp\/v2\/media\/893"}],"wp:attachment":[{"href":"https:\/\/gobierno.udd.cl\/cpp\/wp-json\/wp\/v2\/media?parent=1778"}],"wp:term":[{"taxonomy":"category","embeddable":true,"href":"https:\/\/gobierno.udd.cl\/cpp\/wp-json\/wp\/v2\/categories?post=1778"},{"taxonomy":"post_tag","embeddable":true,"href":"https:\/\/gobierno.udd.cl\/cpp\/wp-json\/wp\/v2\/tags?post=1778"}],"curies":[{"name":"wp","href":"https:\/\/api.w.org\/{rel}","templated":true}]}}