{"id":1739,"date":"2016-04-12T11:07:38","date_gmt":"2016-04-12T14:07:38","guid":{"rendered":"http:\/\/gobierno.udd.cl\/cpp\/?p=1739"},"modified":"2016-04-12T11:07:38","modified_gmt":"2016-04-12T14:07:38","slug":"panel-radio-futuro-palabras-sacan-palabras-con-lucas-palacios","status":"publish","type":"post","link":"https:\/\/gobierno.udd.cl\/cpp\/noticias\/2016\/04\/12\/panel-radio-futuro-palabras-sacan-palabras-con-lucas-palacios\/","title":{"rendered":"Panel Radio Futuro \u00abPalabras sacan palabras\u00bb con Lucas Palacios"},"content":{"rendered":"<p style=\"text-align: justify;\"><strong>Panelistas<\/strong><\/p>\n<p style=\"text-align: justify;\">Mar\u00eda de los \u00c1ngeles Fern\u00e1ndez, Acad\u00e9mica de la U. de Talca, <span class=\"highlight\">Lucas<\/span> <span class=\"highlight\">Palacios<\/span>, Acad\u00e9mico de la <span class=\"highlight\">UDD<\/span>.<\/p>\n<p style=\"text-align: justify;\">Para escuchar panel completo:<\/p>\n<p style=\"text-align: justify;\"><strong><a href=\"http:\/\/map.conectamedia.cl\/index.php\/clippingNews\/view?id=360279&amp;email=7712&amp;fromemail=1\" target=\"_blank\">PARTE I<\/a><\/strong><\/p>\n<p style=\"text-align: justify;\"><strong><a href=\"http:\/\/map.conectamedia.cl\/index.php\/clippingNews\/view?id=360280&amp;email=7712&amp;fromemail=1\" target=\"_blank\">PARTE II<\/a><\/strong><\/p>\n<p style=\"text-align: justify;\"><strong><a href=\"http:\/\/map.conectamedia.cl\/index.php\/clippingNews\/view?id=360281&amp;email=7712&amp;fromemail=1\" target=\"_blank\">PARTE III<\/a><\/strong><\/p>\n","protected":false},"excerpt":{"rendered":"<p>Panelistas Mar\u00eda de los \u00c1ngeles Fern\u00e1ndez, Acad\u00e9mica de la U. de Talca, Lucas Palacios, Acad\u00e9mico de la UDD. Para escuchar panel completo: PARTE I PARTE II PARTE III<\/p>\n","protected":false},"author":22,"featured_media":893,"comment_status":"open","ping_status":"open","sticky":false,"template":"","format":"standard","meta":{"footnotes":""},"categories":[10162],"tags":[9964,11846],"class_list":["post-1739","post","type-post","status-publish","format-standard","has-post-thumbnail","hentry","category-centro-en-la-prensa","tag-lucas-palacios","tag-radio-futuro"],"featured_image_url":"https:\/\/gobierno.udd.cl\/cpp\/files\/2015\/05\/udd_cpp_prensa_340.png","_links":{"self":[{"href":"https:\/\/gobierno.udd.cl\/cpp\/wp-json\/wp\/v2\/posts\/1739","targetHints":{"allow":["GET"]}}],"collection":[{"href":"https:\/\/gobierno.udd.cl\/cpp\/wp-json\/wp\/v2\/posts"}],"about":[{"href":"https:\/\/gobierno.udd.cl\/cpp\/wp-json\/wp\/v2\/types\/post"}],"author":[{"embeddable":true,"href":"https:\/\/gobierno.udd.cl\/cpp\/wp-json\/wp\/v2\/users\/22"}],"replies":[{"embeddable":true,"href":"https:\/\/gobierno.udd.cl\/cpp\/wp-json\/wp\/v2\/comments?post=1739"}],"version-history":[{"count":1,"href":"https:\/\/gobierno.udd.cl\/cpp\/wp-json\/wp\/v2\/posts\/1739\/revisions"}],"predecessor-version":[{"id":1740,"href":"https:\/\/gobierno.udd.cl\/cpp\/wp-json\/wp\/v2\/posts\/1739\/revisions\/1740"}],"wp:featuredmedia":[{"embeddable":true,"href":"https:\/\/gobierno.udd.cl\/cpp\/wp-json\/wp\/v2\/media\/893"}],"wp:attachment":[{"href":"https:\/\/gobierno.udd.cl\/cpp\/wp-json\/wp\/v2\/media?parent=1739"}],"wp:term":[{"taxonomy":"category","embeddable":true,"href":"https:\/\/gobierno.udd.cl\/cpp\/wp-json\/wp\/v2\/categories?post=1739"},{"taxonomy":"post_tag","embeddable":true,"href":"https:\/\/gobierno.udd.cl\/cpp\/wp-json\/wp\/v2\/tags?post=1739"}],"curies":[{"name":"wp","href":"https:\/\/api.w.org\/{rel}","templated":true}]}}