{"id":1730,"date":"2016-04-12T10:13:18","date_gmt":"2016-04-12T13:13:18","guid":{"rendered":"http:\/\/gobierno.udd.cl\/cpp\/?p=1730"},"modified":"2016-04-12T10:13:18","modified_gmt":"2016-04-12T13:13:18","slug":"eugenio-guzman-en-panel-de-radio-cooperativa","status":"publish","type":"post","link":"https:\/\/gobierno.udd.cl\/cpp\/noticias\/2016\/04\/12\/eugenio-guzman-en-panel-de-radio-cooperativa\/","title":{"rendered":"Eugenio Guzm\u00e1n en Panel de radio Cooperativa"},"content":{"rendered":"<p style=\"text-align: justify;\"><strong>Panelistas: <\/strong><\/p>\n<p style=\"text-align: justify;\">Patricio Zapata, abogado constitucionalista Decano Facultad de Derecho Universidad de Las Am\u00e9ricas, Clarisa Hardy, psic\u00f3loga y consultora para Cooperaci\u00f3n Europea en Am\u00e9rica Latina y Pdta. Fundaci\u00f3n Dialoga y Eugenio Guzm\u00e1n, soci\u00f3logo y Decano Facultad de Gobierno Universidad del Desarrollo y consejero de Libertad y Desarrollo.<\/p>\n<p style=\"text-align: justify;\"><strong>Temas:\u00a0<\/strong><\/p>\n<p>-Nuevo c\u00f3nclave de la Nueva Mayor\u00eda en el palacio de La Moneda, encabezado por la presidenta Michelle Bachelet.<\/p>\n<p>-Se cumplen dos a\u00f1os de gobierno de Bachelet.<\/p>\n<p>-Balance del gobierno en sus dos a\u00f1os.<\/p>\n<p>-La gran dificultad est\u00e1 en el Partido Comunista que no tiene representaci\u00f3n en el Senado.<\/p>\n<p>-Las reformas no son posibles si no se piensan en un periodo mas largo de tiempo.<\/p>\n<p>-Casos de la reforma laboral, proyecto de ley de aborto, agenda corta anti delincuencia y los negocios fraudulentos entre la pol\u00edtica y el dinero.<\/p>\n<p>-Caso de una eventual penalizaci\u00f3n para el periodismo investigativo.<\/p>\n<p>-Se mantienen los mismos pol\u00edticos desde el 2008.<\/p>\n<p>-Los reportajes de investigaci\u00f3n period\u00edsticas reci\u00e9n est\u00e1n renaciendo en el pa\u00eds.<\/p>\n<p>Para escuchar el Panel,<\/p>\n<p><strong><a href=\"http:\/\/map.conectamedia.cl\/index.php\/clippingNews\/view?id=348140&amp;email=7521&amp;fromemail=1\" target=\"_blank\">PARTE I<\/a><\/strong><\/p>\n<p><strong><a href=\"http:\/\/map.conectamedia.cl\/index.php\/clippingNews\/view?id=348160&amp;email=7521&amp;fromemail=1\" target=\"_blank\">PARTE II<\/a><\/strong><\/p>\n<p><strong><a href=\"http:\/\/map.conectamedia.cl\/index.php\/clippingNews\/view?id=348161&amp;email=7521&amp;fromemail=1\" target=\"_blank\">PARTE III<\/a><\/strong><\/p>\n<p><strong><a href=\"http:\/\/map.conectamedia.cl\/index.php\/clippingNews\/view?id=348162&amp;email=7521&amp;fromemail=1\" target=\"_blank\">PARTE IV<\/a><\/strong><\/p>\n<p><strong><a href=\"http:\/\/map.conectamedia.cl\/index.php\/clippingNews\/view?id=348163&amp;email=7521&amp;fromemail=1\" target=\"_blank\">PARTE V<\/a><\/strong><\/p>\n","protected":false},"excerpt":{"rendered":"<p>Panelistas: Patricio Zapata, abogado constitucionalista Decano Facultad de Derecho Universidad de Las Am\u00e9ricas, Clarisa Hardy, psic\u00f3loga y consultora para Cooperaci\u00f3n Europea en Am\u00e9rica Latina y Pdta. Fundaci\u00f3n Dialoga y Eugenio Guzm\u00e1n, soci\u00f3logo y Decano Facultad de Gobierno Universidad del Desarrollo y consejero de Libertad y Desarrollo. Temas:\u00a0 -Nuevo c\u00f3nclave de la Nueva Mayor\u00eda en el [&hellip;]<\/p>\n","protected":false},"author":22,"featured_media":893,"comment_status":"open","ping_status":"open","sticky":false,"template":"","format":"standard","meta":{"footnotes":""},"categories":[10162],"tags":[10922,7380,8088,11841],"class_list":["post-1730","post","type-post","status-publish","format-standard","has-post-thumbnail","hentry","category-centro-en-la-prensa","tag-cooperativa","tag-eugenio-guzman","tag-politica","tag-zapata"],"featured_image_url":"https:\/\/gobierno.udd.cl\/cpp\/files\/2015\/05\/udd_cpp_prensa_340.png","_links":{"self":[{"href":"https:\/\/gobierno.udd.cl\/cpp\/wp-json\/wp\/v2\/posts\/1730","targetHints":{"allow":["GET"]}}],"collection":[{"href":"https:\/\/gobierno.udd.cl\/cpp\/wp-json\/wp\/v2\/posts"}],"about":[{"href":"https:\/\/gobierno.udd.cl\/cpp\/wp-json\/wp\/v2\/types\/post"}],"author":[{"embeddable":true,"href":"https:\/\/gobierno.udd.cl\/cpp\/wp-json\/wp\/v2\/users\/22"}],"replies":[{"embeddable":true,"href":"https:\/\/gobierno.udd.cl\/cpp\/wp-json\/wp\/v2\/comments?post=1730"}],"version-history":[{"count":1,"href":"https:\/\/gobierno.udd.cl\/cpp\/wp-json\/wp\/v2\/posts\/1730\/revisions"}],"predecessor-version":[{"id":1731,"href":"https:\/\/gobierno.udd.cl\/cpp\/wp-json\/wp\/v2\/posts\/1730\/revisions\/1731"}],"wp:featuredmedia":[{"embeddable":true,"href":"https:\/\/gobierno.udd.cl\/cpp\/wp-json\/wp\/v2\/media\/893"}],"wp:attachment":[{"href":"https:\/\/gobierno.udd.cl\/cpp\/wp-json\/wp\/v2\/media?parent=1730"}],"wp:term":[{"taxonomy":"category","embeddable":true,"href":"https:\/\/gobierno.udd.cl\/cpp\/wp-json\/wp\/v2\/categories?post=1730"},{"taxonomy":"post_tag","embeddable":true,"href":"https:\/\/gobierno.udd.cl\/cpp\/wp-json\/wp\/v2\/tags?post=1730"}],"curies":[{"name":"wp","href":"https:\/\/api.w.org\/{rel}","templated":true}]}}