{"id":1726,"date":"2016-03-24T07:47:47","date_gmt":"2016-03-24T10:47:47","guid":{"rendered":"http:\/\/gobierno.udd.cl\/cpp\/?p=1726"},"modified":"2016-03-24T07:48:52","modified_gmt":"2016-03-24T10:48:52","slug":"etica-social-y-compromiso-con-chile-por-raul-jara","status":"publish","type":"post","link":"https:\/\/gobierno.udd.cl\/cpp\/noticias\/2016\/03\/24\/etica-social-y-compromiso-con-chile-por-raul-jara\/","title":{"rendered":"\u00c9tica social y compromiso con Chile por Ra\u00fal Jara"},"content":{"rendered":"<p style=\"text-align: justify;\">Es cierto, vivimos en un pa\u00eds con una especie de neblina constante, todo parece brumoso y cada vez que miramos al cielo el panorama se ve m\u00e1s gris. Desde el 2006 con la revoluci\u00f3n ping\u00fcina algo despert\u00f3, luego las movilizaciones del 2011 y la irrupci\u00f3n de las redes sociales confirmaron lo venidero, se termin\u00f3 el cr\u00e9dito y la ciudadan\u00eda reaccion\u00f3 luego de su aletargado sue\u00f1o post retorno de la democracia. Hoy cada episodio con olor a corrupci\u00f3n o hecho dudoso es enviado a la hoguera, bien lo sabe nuestro sector dirigente. La confianza es, hoy por hoy, nuestra peque\u00f1a cuesti\u00f3n social. La encuesta Mundial de Valores (2010-2014) se\u00f1ala que solo un 12% de chilenos dice creer en la mayor\u00eda de los individuos \u2013confianza social-; el ser precavido y cauteloso es para cerca de un 70% la forma de relacionarse con los dem\u00e1s. Por otro lado, la encuesta Bicentenario Adimark\/UC 2015 muestra que un 65% de los chilenos piensa que en el pa\u00eds existe mucha corrupci\u00f3n y un 80% responde SI a la pregunta \u00bfdir\u00eda Ud. que Chile es un pa\u00eds corrupto? Estos impulsos colectivos contra una \u00e9lite en crisis, tan solo ejemplifican el descr\u00e9dito transversal del sector gobernante, trastocando incluso a las instituciones: los ciudadanos versus \u00e9lite-instituciones cada d\u00eda pareciesen distanciarse m\u00e1s. Surge una desmoralizaci\u00f3n cuando juzgamos a nuestro pa\u00eds en su totalidad, pero esto se disuelve cuando el an\u00e1lisis es uno a uno, cuando llegamos al hogar propio. \u00bfEs tan as\u00ed? \u00bfSomos ciudadanos honrados? No hay duda: subimos los est\u00e1ndares y nos hemos vuelto m\u00e1s exigentes con nuestras autoridades \u2013y a buena hora-, pero, \u00bfes solo la \u00e9lite pol\u00edtico o empresarial la que ha fallado? ERROR, el problema alcanza ribetes culturales y afecta a todos los sectores de la sociedad, donde la \u201cviveza del chileno\u201d, \u201cla trampa\u201d y \u201cla piller\u00eda\u201d traspasa condiciones. \u00bfEjemplos?, muchos: uno de cada cuatro chilenos no paga su pasaje en el Transantiago; cuando no pedimos boleta para evitar el impuesto y pagar menos; cuando no somos capaces de avisar que no asistiremos a una hora de atenci\u00f3n m\u00e9dica o viceversa, cuando esperamos m\u00e1s de una hora por una atenci\u00f3n. Adem\u00e1s est\u00e1n los que abusan de licencias m\u00e9dicas falsas; la existencia de siete mil familias formalizadas por falsear informaci\u00f3n en la Ficha de Protecci\u00f3n Social, el mill\u00f3n de falsos indigentes atendidos gratis en hospitales p\u00fablicos. Todos hechos que tambi\u00e9n merecen reprobaci\u00f3n. En s\u00edntesis, la prepotencia, la desconfianza y la falta de respeto por el pr\u00f3jimo son como el c\u00e1ncer que aqueja a nuestra sociedad. El panorama pol\u00edtico-social actual no es m\u00e1s que una muestra del todo, del olvido de las ideas del bien com\u00fan y la falta de valores del Chile de hoy, \u00bfChile cambi\u00f3? Si, Chile cambi\u00f3 y se ha extendido el reinado de la viveza. Ninguno de nosotros puede lanzar la primera piedra, pero s\u00ed debemos contribuir para hacer un cambio. En definitiva, no existir\u00e1 una salida para este c\u00edrculo vicioso mientras siga perdurando esta especie de espiral del silencio, donde nadie se hace cargo. Lo anterior afecta a la pol\u00edtica, al mundo social y socava las bases de nuestra sociedad. El desaf\u00edo es mayor y no debemos esperar el ejemplo, al contrario, lo debemos dar, tanto el candidato como el ciudadano que debe votar, tanto el parlamentario como el presidente de un centro de alumnos, tanto el alcalde como el vecino. Si todos construimos una naci\u00f3n, nos comprometemos m\u00e1s con nuestra sociedad y aportamos a un Chile mejor, obtendremos victorias de largo plazo, que a veces para avanzar, primero debemos volver a nuestros cimientos, personas que quieran dejar huella, generosas y que visualicen a este pa\u00eds con madurez. A\u00fan estamos a tiempo de asumir metas con pasi\u00f3n y \u00e9tica. Cabe preguntarnos \u00bfqu\u00e9 podemos hacer mejor? El presente nos invita a rememorar las palabras expuestas hace m\u00e1s de medio siglo por John F. Kennedy: \u201cNo preguntes lo que tu pa\u00eds puede hacer por ti; pregunta qu\u00e9 puedes hacer t\u00fa por tu pa\u00eds\u201d.<\/p>\n<p style=\"text-align: justify;\">Columna publicada en <strong><a href=\"http:\/\/voces.latercera.com\/2016\/03\/17\/raul-jara\/etica-social-y-compromiso-con-chile\/\" target=\"_blank\">La Tercera 17\/03\/2016<\/a><\/strong><\/p>\n","protected":false},"excerpt":{"rendered":"<p>Si todos construimos una naci\u00f3n, nos comprometemos m\u00e1s con nuestra sociedad y aportamos a un Chile mejor, obtendremos victorias de largo plazo, que a veces para avanzar, primero debemos volver a nuestros cimientos, personas que quieran dejar huella, generosas y que visualicen a este pa\u00eds con madurez. A\u00fan estamos a tiempo de asumir metas con pasi\u00f3n y \u00e9tica. <\/p>\n","protected":false},"author":22,"featured_media":893,"comment_status":"open","ping_status":"open","sticky":false,"template":"","format":"standard","meta":{"footnotes":""},"categories":[10162],"tags":[10151],"class_list":["post-1726","post","type-post","status-publish","format-standard","has-post-thumbnail","hentry","category-centro-en-la-prensa","tag-etica"],"featured_image_url":"https:\/\/gobierno.udd.cl\/cpp\/files\/2015\/05\/udd_cpp_prensa_340.png","_links":{"self":[{"href":"https:\/\/gobierno.udd.cl\/cpp\/wp-json\/wp\/v2\/posts\/1726","targetHints":{"allow":["GET"]}}],"collection":[{"href":"https:\/\/gobierno.udd.cl\/cpp\/wp-json\/wp\/v2\/posts"}],"about":[{"href":"https:\/\/gobierno.udd.cl\/cpp\/wp-json\/wp\/v2\/types\/post"}],"author":[{"embeddable":true,"href":"https:\/\/gobierno.udd.cl\/cpp\/wp-json\/wp\/v2\/users\/22"}],"replies":[{"embeddable":true,"href":"https:\/\/gobierno.udd.cl\/cpp\/wp-json\/wp\/v2\/comments?post=1726"}],"version-history":[{"count":2,"href":"https:\/\/gobierno.udd.cl\/cpp\/wp-json\/wp\/v2\/posts\/1726\/revisions"}],"predecessor-version":[{"id":1728,"href":"https:\/\/gobierno.udd.cl\/cpp\/wp-json\/wp\/v2\/posts\/1726\/revisions\/1728"}],"wp:featuredmedia":[{"embeddable":true,"href":"https:\/\/gobierno.udd.cl\/cpp\/wp-json\/wp\/v2\/media\/893"}],"wp:attachment":[{"href":"https:\/\/gobierno.udd.cl\/cpp\/wp-json\/wp\/v2\/media?parent=1726"}],"wp:term":[{"taxonomy":"category","embeddable":true,"href":"https:\/\/gobierno.udd.cl\/cpp\/wp-json\/wp\/v2\/categories?post=1726"},{"taxonomy":"post_tag","embeddable":true,"href":"https:\/\/gobierno.udd.cl\/cpp\/wp-json\/wp\/v2\/tags?post=1726"}],"curies":[{"name":"wp","href":"https:\/\/api.w.org\/{rel}","templated":true}]}}