{"id":1724,"date":"2016-03-22T08:20:44","date_gmt":"2016-03-22T11:20:44","guid":{"rendered":"http:\/\/gobierno.udd.cl\/cpp\/?p=1724"},"modified":"2016-03-22T08:20:44","modified_gmt":"2016-03-22T11:20:44","slug":"entrevista-a-jose-ramon-montero-el-llamado-a-nuevas-elecciones-es-la-unica-opcion-viable-en-espana","status":"publish","type":"post","link":"https:\/\/gobierno.udd.cl\/cpp\/noticias\/2016\/03\/22\/entrevista-a-jose-ramon-montero-el-llamado-a-nuevas-elecciones-es-la-unica-opcion-viable-en-espana\/","title":{"rendered":"Entrevista a Jos\u00e9 Ram\u00f3n Montero: \u00abEl llamado a nuevas elecciones es la \u00fanica opci\u00f3n viable en Espa\u00f1a\u00bb"},"content":{"rendered":"<p style=\"text-align: justify;\">Ma\u00f1ana se cumplen tres meses desde que se celebraron las elecciones en Espa\u00f1a y los partidos con mayor representaci\u00f3n en el Parlamento no consiguen alcanzar un acuerdo para formar gobierno, algo in\u00e9dito en ese pa\u00eds.<\/p>\n<p style=\"text-align: justify;\">Las decisiones pol\u00edticas est\u00e1n estancadas y nada asegura que si el rey Felipe VI convoca a nuevos comicios, por la falta de acuerdo, vaya a cambiar el panorama, coment\u00f3 a \u00abEl Mercurio\u00bb el acad\u00e9mico de Ciencia Pol\u00edtica de la Universidad Aut\u00f3noma de Madrid Jos\u00e9 Ram\u00f3n Montero, quien estuvo en Santiago invitado por la Facultad de Gobierno de la <span class=\"highlight\">Universidad<\/span> <span class=\"highlight\">del<\/span> <span class=\"highlight\">Desarrollo<\/span>.<\/p>\n<p style=\"text-align: justify;\">-\u00bfC\u00f3mo funciona el pa\u00eds luego de meses sin formar gobierno?<\/p>\n<p style=\"text-align: justify;\">\u00abLa administraci\u00f3n p\u00fablica sigue funcionando en el trato con los ciudadanos. Pero el gobierno no discute ni aprueba ninguna pol\u00edtica y se implementan las medidas con ralentizaci\u00f3n (&#8230;). El nuevo Parlamento, reci\u00e9n constituido, no puede tomar decisiones o discutir asuntos que impliquen conflicto hasta que no funcione un gobierno nuevo, porque hay un vac\u00edo de poder\u00bb.<\/p>\n<p style=\"text-align: justify;\">-\u00bfCu\u00e1nto durar\u00e1 esta inestabilidad? \u00bfQu\u00e9 tiene que pasar?<\/p>\n<p style=\"text-align: justify;\">\u00abEl Partido Popular (PP) quiere formar, con el Partido Socialista Obrero Espa\u00f1ol (PSOE) y Ciudadanos, una especie de gran coalici\u00f3n como los alemanes. El problema est\u00e1 en que el se\u00f1or Rajoy es pasivo y vago. Cuando (la Canciller alemana Angela) Merkel hizo una invitaci\u00f3n a los otros partidos para formar la gran coalici\u00f3n, les llev\u00f3 30 p\u00e1ginas de propuestas.<\/p>\n<p style=\"text-align: justify;\">Si el PSOE lo acepta -que no lo va a hacer-, Podemos, con el que compite en el mismo bloque ideol\u00f3gico, se queda con todo el campo de la izquierda.<\/p>\n<p style=\"text-align: justify;\">En segundo lugar, una coalici\u00f3n PP-Ciudadanos es bastante impensable. Porque durante cuatro a\u00f1os, el PP, que gobern\u00f3 con mayor\u00eda absoluta, no hizo nada para acordar sus pol\u00edticas de gobierno. M\u00e1s del 90% de las leyes de Rajoy han sido por decreto ley.<\/p>\n<p style=\"text-align: justify;\">En tercer lugar, el PP tiene un problema de corrupci\u00f3n extraordinario. Es decir, no tiene ninguna reputaci\u00f3n para tener posibilidades de coalici\u00f3n\u00bb.<\/p>\n<p style=\"text-align: justify;\">-\u00bfEl llamado a nuevas elecciones es la opci\u00f3n m\u00e1s viable?<\/p>\n<p style=\"text-align: justify;\">\u00abVa a ser la \u00fanica. Es muy probable que no se pongan de acuerdo. Y los discursos revelaron a un Pablo Iglesias (l\u00edder de Podemos) extraordinariamente radicalizado. Hizo gala de un discurso muy polarizador e insultante. Los partidos populistas creen que tienen superioridad porque creen que la moral est\u00e1 de su parte. Y en pol\u00edtica se puede discutir de todo, pero es muy dif\u00edcil discutir con alguien que cree en su superioridad moral\u00bb.<\/p>\n<p style=\"text-align: justify;\">-Pero da la sensaci\u00f3n de que el llamado a elecciones no va a cambiar este escenario.<\/p>\n<p style=\"text-align: justify;\">\u00abEs lo que piensan m\u00e1s de 30 millones de espa\u00f1oles (con derecho a voto). Las encuestas indican m\u00e1s o menos lo mismo.<\/p>\n<p style=\"text-align: justify;\">Va a votar menos gente y es probable que el PP sea castigado porque han salido nuevos temas de corrupci\u00f3n y, en las elecciones anteriores, hubo muchos que lo votaron con dudas. Esas personas pueden repensar su voto. Pero lo mismo puede pasar con el PSOE o Podemos. Todos pueden verse castigados porque las segundas elecciones suponen un fracaso. En definitiva, es muy probable que no resuelvan el impasse de ahora\u00bb.<\/p>\n<p style=\"text-align: justify;\">-\u00bfO sea que la falta de acuerdo incidir\u00e1 en los resultados?<\/p>\n<p style=\"text-align: justify;\">\u00abClaro. Muchos votantes de los principales partidos dir\u00e1n que ten\u00edan que haber sido m\u00e1s flexibles. Hay muchos mensajes de la \u00e9lite social y pol\u00edtica que dicen que el se\u00f1or Rajoy se deber\u00eda retirar, porque \u00e9l es un tap\u00f3n. Porque \u00e9l ha sido Presidente del gobierno y ha producido much\u00edsima polarizaci\u00f3n.<\/p>\n<p style=\"text-align: justify;\">Algo de esto se vio en las elecciones regionales. Solo han tenido buenos resultados electorales los miembros nuevos del PP que se han presentado. Los viejos est\u00e1n tocados por la legislatura de 2011 a 2015, que ha sido muy dura, donde han aparecido casos de corrupci\u00f3n y luego las consecuencias negativas de la crisis econ\u00f3mica. Est\u00e1n quemados\u00bb.<\/p>\n<p style=\"text-align: justify;\">-Este fin del bipartidismo, \u00bfhace pensar que la inestabilidad lleg\u00f3 para quedarse?<\/p>\n<p style=\"text-align: justify;\">\u00abEs muy probable, aunque nadie lo sabe. Una de las cosas que se discuten es en qu\u00e9 medida Podemos es una flor de un d\u00eda o ha venido para quedarse. Yo creo que, igual que Ciudadanos, va a persistir con subidas y bajadas. Probablemente ahora ser\u00e1n castigados todos\u00bb.<\/p>\n<p style=\"text-align: justify;\">-Parece entonces que tambi\u00e9n hay descontento con el funcionamiento del sistema pol\u00edtico.<\/p>\n<p style=\"text-align: justify;\">\u00abUno de los problemas en los \u00faltimos cuatro a\u00f1os es la visi\u00f3n negativ\u00edsima de los ciudadanos sobre el funcionamiento del sistema pol\u00edtico. Es una pregunta cl\u00e1sica de las encuestas. El 80% de los espa\u00f1oles dec\u00eda que estaba muy insatisfecho con c\u00f3mo estaba funcionando la pol\u00edtica.<\/p>\n<p style=\"text-align: justify;\">Se ha creado un caldo de cultivo donde puede aparecer un &#8216;empresario pol\u00edtico&#8217; como Iglesias o Ciudadanos, cuando muchos espa\u00f1oles estaban buscando a d\u00f3nde dirigir su voto\u00bb.<\/p>\n<p style=\"text-align: justify;\">Entrevista publicada en <strong><a href=\"http:\/\/map.conectamedia.cl\/index.php\/clippingNews\/view?id=336610&amp;email=7191&amp;fromemail=1\" target=\"_blank\">El Mercurio 19\/03\/2016<\/a><\/strong><\/p>\n","protected":false},"excerpt":{"rendered":"<p>El doctor en Derecho de la Universidad Aut\u00f3noma de Madrid sostiene que, despu\u00e9s de tres meses, dif\u00edcilmente los partidos en el Parlamento lograr\u00e1n un acuerdo para gobernar.<\/p>\n","protected":false},"author":22,"featured_media":893,"comment_status":"open","ping_status":"open","sticky":false,"template":"","format":"standard","meta":{"footnotes":""},"categories":[10162],"tags":[11121,11831,11829],"class_list":["post-1724","post","type-post","status-publish","format-standard","has-post-thumbnail","hentry","category-centro-en-la-prensa","tag-elecciones","tag-espana","tag-jose-ramon-montero"],"featured_image_url":"https:\/\/gobierno.udd.cl\/cpp\/files\/2015\/05\/udd_cpp_prensa_340.png","_links":{"self":[{"href":"https:\/\/gobierno.udd.cl\/cpp\/wp-json\/wp\/v2\/posts\/1724","targetHints":{"allow":["GET"]}}],"collection":[{"href":"https:\/\/gobierno.udd.cl\/cpp\/wp-json\/wp\/v2\/posts"}],"about":[{"href":"https:\/\/gobierno.udd.cl\/cpp\/wp-json\/wp\/v2\/types\/post"}],"author":[{"embeddable":true,"href":"https:\/\/gobierno.udd.cl\/cpp\/wp-json\/wp\/v2\/users\/22"}],"replies":[{"embeddable":true,"href":"https:\/\/gobierno.udd.cl\/cpp\/wp-json\/wp\/v2\/comments?post=1724"}],"version-history":[{"count":1,"href":"https:\/\/gobierno.udd.cl\/cpp\/wp-json\/wp\/v2\/posts\/1724\/revisions"}],"predecessor-version":[{"id":1725,"href":"https:\/\/gobierno.udd.cl\/cpp\/wp-json\/wp\/v2\/posts\/1724\/revisions\/1725"}],"wp:featuredmedia":[{"embeddable":true,"href":"https:\/\/gobierno.udd.cl\/cpp\/wp-json\/wp\/v2\/media\/893"}],"wp:attachment":[{"href":"https:\/\/gobierno.udd.cl\/cpp\/wp-json\/wp\/v2\/media?parent=1724"}],"wp:term":[{"taxonomy":"category","embeddable":true,"href":"https:\/\/gobierno.udd.cl\/cpp\/wp-json\/wp\/v2\/categories?post=1724"},{"taxonomy":"post_tag","embeddable":true,"href":"https:\/\/gobierno.udd.cl\/cpp\/wp-json\/wp\/v2\/tags?post=1724"}],"curies":[{"name":"wp","href":"https:\/\/api.w.org\/{rel}","templated":true}]}}