{"id":1706,"date":"2016-03-17T10:36:39","date_gmt":"2016-03-17T13:36:39","guid":{"rendered":"http:\/\/gobierno.udd.cl\/cpp\/?p=1706"},"modified":"2016-03-17T10:36:39","modified_gmt":"2016-03-17T13:36:39","slug":"entrevista-a-francisca-dussaillant-directora-centro-de-politicas-publicas-en-radio-sonar","status":"publish","type":"post","link":"https:\/\/gobierno.udd.cl\/cpp\/noticias\/2016\/03\/17\/entrevista-a-francisca-dussaillant-directora-centro-de-politicas-publicas-en-radio-sonar\/","title":{"rendered":"Entrevista a Francisca Dussaillant, Directora Centro de Pol\u00edticas P\u00fablicas en Radio Sonar"},"content":{"rendered":"<p style=\"text-align: justify;\">Entrevista sobre la creaci\u00f3n y celebraci\u00f3n del D\u00eda Internacional de la Mujer. \u00bfSon respetados los derechos laborales?, \u00bfqu\u00e9 sucede con el post natal, pol\u00edticas de equidad y c\u00f3mo es ser mujer en Chile?<\/p>\n<p style=\"text-align: justify;\">Escuchar entrevista completa <strong><a href=\"http:\/\/map.conectamedia.cl\/index.php\/clippingNews\/view?id=321739&amp;email=7048&amp;fromemail=1\" target=\"_blank\">AQU\u00cd<\/a><\/strong><\/p>\n","protected":false},"excerpt":{"rendered":"<p>Entrevista sobre la creaci\u00f3n y celebraci\u00f3n del D\u00eda Internacional de la Mujer. \u00bfSon respetados los derechos laborales?, \u00bfqu\u00e9 sucede con el post natal, pol\u00edticas de equidad y c\u00f3mo es ser mujer en Chile? Escuchar entrevista completa AQU\u00cd<\/p>\n","protected":false},"author":22,"featured_media":893,"comment_status":"open","ping_status":"open","sticky":false,"template":"","format":"standard","meta":{"footnotes":""},"categories":[10162],"tags":[8131],"class_list":["post-1706","post","type-post","status-publish","format-standard","has-post-thumbnail","hentry","category-centro-en-la-prensa","tag-francisca-dussaillant"],"featured_image_url":"https:\/\/gobierno.udd.cl\/cpp\/files\/2015\/05\/udd_cpp_prensa_340.png","_links":{"self":[{"href":"https:\/\/gobierno.udd.cl\/cpp\/wp-json\/wp\/v2\/posts\/1706","targetHints":{"allow":["GET"]}}],"collection":[{"href":"https:\/\/gobierno.udd.cl\/cpp\/wp-json\/wp\/v2\/posts"}],"about":[{"href":"https:\/\/gobierno.udd.cl\/cpp\/wp-json\/wp\/v2\/types\/post"}],"author":[{"embeddable":true,"href":"https:\/\/gobierno.udd.cl\/cpp\/wp-json\/wp\/v2\/users\/22"}],"replies":[{"embeddable":true,"href":"https:\/\/gobierno.udd.cl\/cpp\/wp-json\/wp\/v2\/comments?post=1706"}],"version-history":[{"count":1,"href":"https:\/\/gobierno.udd.cl\/cpp\/wp-json\/wp\/v2\/posts\/1706\/revisions"}],"predecessor-version":[{"id":1707,"href":"https:\/\/gobierno.udd.cl\/cpp\/wp-json\/wp\/v2\/posts\/1706\/revisions\/1707"}],"wp:featuredmedia":[{"embeddable":true,"href":"https:\/\/gobierno.udd.cl\/cpp\/wp-json\/wp\/v2\/media\/893"}],"wp:attachment":[{"href":"https:\/\/gobierno.udd.cl\/cpp\/wp-json\/wp\/v2\/media?parent=1706"}],"wp:term":[{"taxonomy":"category","embeddable":true,"href":"https:\/\/gobierno.udd.cl\/cpp\/wp-json\/wp\/v2\/categories?post=1706"},{"taxonomy":"post_tag","embeddable":true,"href":"https:\/\/gobierno.udd.cl\/cpp\/wp-json\/wp\/v2\/tags?post=1706"}],"curies":[{"name":"wp","href":"https:\/\/api.w.org\/{rel}","templated":true}]}}