{"id":1702,"date":"2016-03-17T10:04:12","date_gmt":"2016-03-17T13:04:12","guid":{"rendered":"http:\/\/gobierno.udd.cl\/cpp\/?p=1702"},"modified":"2016-03-17T10:04:12","modified_gmt":"2016-03-17T13:04:12","slug":"entrevista-a-jose-ramon-montero-en-radio-adn","status":"publish","type":"post","link":"https:\/\/gobierno.udd.cl\/cpp\/noticias\/2016\/03\/17\/entrevista-a-jose-ramon-montero-en-radio-adn\/","title":{"rendered":"Entrevista a Jos\u00e9 Ram\u00f3n Montero en Radio ADN"},"content":{"rendered":"<p>Entrevista: Jos\u00e9 Ram\u00f3n Montero, Acad\u00e9mico U. Aut\u00f3noma de Madrid.<\/p>\n<div>Tema: Situaci\u00f3n pol\u00edtica de Espa\u00f1a.<\/div>\n<div><\/div>\n<div>Tabla:<\/div>\n<div><\/div>\n<div>&#8211; A\u00fan no se puede conformar la c\u00e1mara.<\/div>\n<div>&#8211; El gobierno no quiere conformar un pacto con el PSOE.<\/div>\n<div>&#8211; Si el pr\u00f3ximo martes no se llega a un acuerdo se disolver\u00e1 el Congreso.<\/div>\n<div>&#8211; Para el PSOE podr\u00eda ser una trampa el conformar una alianza.<\/div>\n<div>&#8211; Si se realiza una alianza con Podemos se generar\u00e1n problemas.<\/div>\n<div>&#8211; Hay problemas de corrupci\u00f3n dentro de la pol\u00edtica.<\/div>\n<div><\/div>\n<div>Revisar entrevista completa <strong><a href=\"http:\/\/map.conectamedia.cl\/index.php\/clippingNews\/view?id=315954&amp;email=7048&amp;fromemail=1\" target=\"_blank\">AQU\u00cd<\/a><\/strong><\/div>\n","protected":false},"excerpt":{"rendered":"<p>Entrevista: Jos\u00e9 Ram\u00f3n Montero, Acad\u00e9mico U. Aut\u00f3noma de Madrid. Tema: Situaci\u00f3n pol\u00edtica de Espa\u00f1a. Tabla: &#8211; A\u00fan no se puede conformar la c\u00e1mara. &#8211; El gobierno no quiere conformar un pacto con el PSOE. &#8211; Si el pr\u00f3ximo martes no se llega a un acuerdo se disolver\u00e1 el Congreso. &#8211; Para el PSOE podr\u00eda ser [&hellip;]<\/p>\n","protected":false},"author":22,"featured_media":893,"comment_status":"open","ping_status":"open","sticky":false,"template":"","format":"standard","meta":{"footnotes":""},"categories":[10162],"tags":[11833,11824,11829],"class_list":["post-1702","post","type-post","status-publish","format-standard","has-post-thumbnail","hentry","category-centro-en-la-prensa","tag-adn-radio","tag-cpp","tag-jose-ramon-montero"],"featured_image_url":"https:\/\/gobierno.udd.cl\/cpp\/files\/2015\/05\/udd_cpp_prensa_340.png","_links":{"self":[{"href":"https:\/\/gobierno.udd.cl\/cpp\/wp-json\/wp\/v2\/posts\/1702","targetHints":{"allow":["GET"]}}],"collection":[{"href":"https:\/\/gobierno.udd.cl\/cpp\/wp-json\/wp\/v2\/posts"}],"about":[{"href":"https:\/\/gobierno.udd.cl\/cpp\/wp-json\/wp\/v2\/types\/post"}],"author":[{"embeddable":true,"href":"https:\/\/gobierno.udd.cl\/cpp\/wp-json\/wp\/v2\/users\/22"}],"replies":[{"embeddable":true,"href":"https:\/\/gobierno.udd.cl\/cpp\/wp-json\/wp\/v2\/comments?post=1702"}],"version-history":[{"count":1,"href":"https:\/\/gobierno.udd.cl\/cpp\/wp-json\/wp\/v2\/posts\/1702\/revisions"}],"predecessor-version":[{"id":1703,"href":"https:\/\/gobierno.udd.cl\/cpp\/wp-json\/wp\/v2\/posts\/1702\/revisions\/1703"}],"wp:featuredmedia":[{"embeddable":true,"href":"https:\/\/gobierno.udd.cl\/cpp\/wp-json\/wp\/v2\/media\/893"}],"wp:attachment":[{"href":"https:\/\/gobierno.udd.cl\/cpp\/wp-json\/wp\/v2\/media?parent=1702"}],"wp:term":[{"taxonomy":"category","embeddable":true,"href":"https:\/\/gobierno.udd.cl\/cpp\/wp-json\/wp\/v2\/categories?post=1702"},{"taxonomy":"post_tag","embeddable":true,"href":"https:\/\/gobierno.udd.cl\/cpp\/wp-json\/wp\/v2\/tags?post=1702"}],"curies":[{"name":"wp","href":"https:\/\/api.w.org\/{rel}","templated":true}]}}