{"id":1675,"date":"2016-03-11T13:33:09","date_gmt":"2016-03-11T16:33:09","guid":{"rendered":"http:\/\/gobierno.udd.cl\/cpp\/?p=1675"},"modified":"2016-03-11T13:35:10","modified_gmt":"2016-03-11T16:35:10","slug":"video-del-desayuno-cpp-con-jose-ramon-montero","status":"publish","type":"post","link":"https:\/\/gobierno.udd.cl\/cpp\/noticias\/2016\/03\/11\/video-del-desayuno-cpp-con-jose-ramon-montero\/","title":{"rendered":"Video del Desayuno CPP con Jos\u00e9 Ram\u00f3n Montero \u201cFragmentaci\u00f3n pol\u00edtica en Espa\u00f1a: Lecciones para Chile\u201d"},"content":{"rendered":"<p><iframe loading=\"lazy\" src=\"https:\/\/www.youtube.com\/embed\/PvWqHVbSo1g\" width=\"640\" height=\"360\" frameborder=\"0\" allowfullscreen=\"allowfullscreen\"><\/iframe><\/p>\n<p style=\"text-align: justify;\">El Centro de Pol\u00edticas P\u00fablicas de la UDD organiz\u00f3 la conferencia \u201cFragmentaci\u00f3n pol\u00edtica en Espa\u00f1a: Lecciones para Chile\u201d dictada por el catedr\u00e1tico Jos\u00e9 Ram\u00f3n Montero, Doctor en Derecho por la Universidad de Santiago de Compostela, catedr\u00e1tico de Ciencia Pol\u00edtica en prestigiosas universidades del mundo tales como: la Universidad Aut\u00f3noma de Madrid (UAM), Harvard University, University of California en Berkeley, Ohio State University, Institut d\u2019\u00c9tudes Politiques de Burdeos, ICSTE-Instituto Universitario de Lisboa, y European University.<\/p>\n<p style=\"text-align: justify;\">Cont\u00f3 con los comentarios del ex Presidente del Senado Camilo Escalona y el docente de la Facultad de Gobierno, Gonzalo M\u00fcller.<\/p>\n<p style=\"text-align: justify;\">Participaron de la conversaci\u00f3n la directora del CPP, Francisca Dussaillant, el decano de la Facultad de Gobierno, Eugenio Guzm\u00e1n, el presidente del Consejo Consultivo del CPP,\u00a0Cristi\u00e1n Larroulet, el embajador de Espa\u00f1a en Chile, Carlos Robles Fraga,\u00a0las autoridades de la UDD, Lucas Palacios y \u00a0Pelayo Covarrubias, el ex ministro de Salud, Jorge Ma\u00f1alich, \u00a0Jorge Ram\u00edrez y Yasm\u00edn Zaror de LyD, adem\u00e1s de investigadores de la Facultad de Gobierno y la FEN.<\/p>\n","protected":false},"excerpt":{"rendered":"<p>El Centro de Pol\u00edticas P\u00fablicas de la UDD organiz\u00f3 la conferencia \u201cFragmentaci\u00f3n pol\u00edtica en Espa\u00f1a: Lecciones para Chile\u201d dictada por el catedr\u00e1tico Jos\u00e9 Ram\u00f3n Montero, Doctor en Derecho por la Universidad de Santiago de Compostela, catedr\u00e1tico de Ciencia Pol\u00edtica en prestigiosas universidades del mundo tales como: la Universidad Aut\u00f3noma de Madrid (UAM), Harvard University, University [&hellip;]<\/p>\n","protected":false},"author":22,"featured_media":1676,"comment_status":"open","ping_status":"open","sticky":false,"template":"","format":"standard","meta":{"footnotes":""},"categories":[4],"tags":[11824,11830,11831,11829],"class_list":["post-1675","post","type-post","status-publish","format-standard","has-post-thumbnail","hentry","category-noticias","tag-cpp","tag-desayuno","tag-espana","tag-jose-ramon-montero"],"featured_image_url":"https:\/\/gobierno.udd.cl\/cpp\/files\/2016\/03\/Montero-desayuno-copy.jpg","_links":{"self":[{"href":"https:\/\/gobierno.udd.cl\/cpp\/wp-json\/wp\/v2\/posts\/1675","targetHints":{"allow":["GET"]}}],"collection":[{"href":"https:\/\/gobierno.udd.cl\/cpp\/wp-json\/wp\/v2\/posts"}],"about":[{"href":"https:\/\/gobierno.udd.cl\/cpp\/wp-json\/wp\/v2\/types\/post"}],"author":[{"embeddable":true,"href":"https:\/\/gobierno.udd.cl\/cpp\/wp-json\/wp\/v2\/users\/22"}],"replies":[{"embeddable":true,"href":"https:\/\/gobierno.udd.cl\/cpp\/wp-json\/wp\/v2\/comments?post=1675"}],"version-history":[{"count":3,"href":"https:\/\/gobierno.udd.cl\/cpp\/wp-json\/wp\/v2\/posts\/1675\/revisions"}],"predecessor-version":[{"id":1679,"href":"https:\/\/gobierno.udd.cl\/cpp\/wp-json\/wp\/v2\/posts\/1675\/revisions\/1679"}],"wp:featuredmedia":[{"embeddable":true,"href":"https:\/\/gobierno.udd.cl\/cpp\/wp-json\/wp\/v2\/media\/1676"}],"wp:attachment":[{"href":"https:\/\/gobierno.udd.cl\/cpp\/wp-json\/wp\/v2\/media?parent=1675"}],"wp:term":[{"taxonomy":"category","embeddable":true,"href":"https:\/\/gobierno.udd.cl\/cpp\/wp-json\/wp\/v2\/categories?post=1675"},{"taxonomy":"post_tag","embeddable":true,"href":"https:\/\/gobierno.udd.cl\/cpp\/wp-json\/wp\/v2\/tags?post=1675"}],"curies":[{"name":"wp","href":"https:\/\/api.w.org\/{rel}","templated":true}]}}