{"id":1656,"date":"2016-03-08T16:41:54","date_gmt":"2016-03-08T19:41:54","guid":{"rendered":"http:\/\/gobierno.udd.cl\/cpp\/?p=1656"},"modified":"2016-03-08T16:41:54","modified_gmt":"2016-03-08T19:41:54","slug":"el-desconcierto-ante-las-elecciones-municipales-por-raul-jara","status":"publish","type":"post","link":"https:\/\/gobierno.udd.cl\/cpp\/noticias\/2016\/03\/08\/el-desconcierto-ante-las-elecciones-municipales-por-raul-jara\/","title":{"rendered":"El desconcierto ante las elecciones municipales por Ra\u00fal Jara"},"content":{"rendered":"<p style=\"text-align: justify;\">Tras los efectos positivos de las encuestas de enero por la gratuidad, todo parec\u00eda tranquilo al regreso de las vacaciones de Michelle Bachelet. Pero el 20% de aprobaci\u00f3n que arroj\u00f3 CADEM en su \u00faltima encuesta semanal de febrero golpea nuevamente a la figura m\u00e1s importante en un pa\u00eds que posee un marcado presidencialismo. La mandataria no repunta la aprobaci\u00f3n a su gesti\u00f3n y la desaprobaci\u00f3n se agudiza hasta llegar a un 70%, igualando su registro hist\u00f3rico m\u00e1s bajo, correspondiente a septiembre de 2015.<\/p>\n<p style=\"text-align: justify;\">La gobernante, en dos a\u00f1os, baj\u00f3 su aprobaci\u00f3n en 28 puntos y su desaprobaci\u00f3n aument\u00f3 en 43. Por su parte el Gobierno llega a un 77% de desaprobaci\u00f3n y tan solo un 14% de apoyo. \u00bfAutocr\u00edtica? Ninguna, y quiz\u00e1s sea este uno de los grandes factores del descr\u00e9dito y baja valoraci\u00f3n de la pol\u00edtica y los pol\u00edticos, y que hoy est\u00e1 traspasando a las instituciones: la nula capacidad de comprender la compleja realidad que vivimos.<\/p>\n<p style=\"text-align: justify;\">Panorama fr\u00edo el que se visualiza en este a\u00f1o electoral porque continuamos con una \u00e9lite pol\u00edtica que no lee el momento ni hace la diferencia entre las urgencias sociales versus las reformas impulsadas y consideradas como prioridades en el programa de gobierno. Atr\u00e1s qued\u00f3 el realismo sin renuncia, un sinceramiento paulatino que sirvi\u00f3 para acallar cr\u00edticas en su momento y en cambio volvi\u00f3 esta especie de surrealismo que solo afecta a la ciudadan\u00eda y por qu\u00e9 no decirlo, a los futuros candidatos de las municipales.<\/p>\n<p style=\"text-align: justify;\">La irrupci\u00f3n de variados casos y personajes ligados a la corrupci\u00f3n, m\u00e1s la falta de probidad en el manejo de recursos p\u00fablicos o los reiterados casos de colusi\u00f3n empresarial contin\u00faan golpeando fuerte a nuestra sociedad. Hay una ca\u00edda libre de p\u00e9rdida de confianza que genera incertidumbre y un \u00e1rido panorama en lo que respecta a los valores, en una sociedad necesitada de l\u00edderes sociales cercanos a la realidad local, pero por sobre todo l\u00edderes que representen principios que hoy parecieran perdidos en nuestra cotidianeidad.<\/p>\n<p style=\"text-align: justify;\">Resulta il\u00f3gico e incluso desconcertante pensar que ante tal escenario de desconfianza -transversal- alguien quiera ser candidato, en un a\u00f1o en que viviremos elecciones municipales que han sido un term\u00f3metro hist\u00f3rico a las Presidenciales y es aqu\u00ed donde est\u00e1 la invitaci\u00f3n. El futuro candidato debe entender que m\u00e1s all\u00e1 de lo macro, se trata de elecciones locales,\u00a0 donde poner o\u00eddos al mejoramiento del Cesfam, la plaza de la villa o un mejor acceso al transporte p\u00fablico son problem\u00e1ticas que deben mejorar esta relaci\u00f3n candidato-votante, a priori al electo-representado o a la base de todo, ciudadano-ciudadano.<\/p>\n<p style=\"text-align: justify;\">Quiz\u00e1s se necesiten candidatos que reencanten, pero no como un populista que repita lo que la gente quiere, sino un liderazgo con mirada cercana y candidatos de palabra. Finalmente, necesitamos un liderazgo que no tenga miedo, uno responsable, y que entienda una nueva relaci\u00f3n con su representado.<\/p>\n<p style=\"text-align: justify;\">Para cambiar las cosas que est\u00e1n mal y romper este paradigma solo existe una llave y que el Padre Alberto Hurtado gustaba recordar: \u201cDicen que los tiempos son malos, que son dif\u00edciles. Seamos nosotros mejores, y los tiempos ser\u00e1n mejores. \u00a1Nosotros somos el tiempo!\u201d<\/p>\n<p style=\"text-align: justify;\">Columna publicada en <strong><a href=\"http:\/\/voces.latercera.com\/2016\/03\/03\/raul-jara\/el-desconcierto-ante-las-elecciones-municipales\/\" target=\"_blank\">La Tercera 03\/03\/2016<\/a><\/strong><\/p>\n","protected":false},"excerpt":{"rendered":"<p>Tras los efectos positivos de las encuestas de enero por la gratuidad, todo parec\u00eda tranquilo al regreso de las vacaciones de Michelle Bachelet. Pero el 20% de aprobaci\u00f3n que arroj\u00f3 CADEM en su \u00faltima encuesta semanal de febrero golpea nuevamente a la figura m\u00e1s importante en un pa\u00eds que posee un marcado presidencialismo. La mandataria [&hellip;]<\/p>\n","protected":false},"author":22,"featured_media":893,"comment_status":"open","ping_status":"open","sticky":false,"template":"","format":"standard","meta":{"footnotes":""},"categories":[10162],"tags":[],"class_list":["post-1656","post","type-post","status-publish","format-standard","has-post-thumbnail","hentry","category-centro-en-la-prensa"],"featured_image_url":"https:\/\/gobierno.udd.cl\/cpp\/files\/2015\/05\/udd_cpp_prensa_340.png","_links":{"self":[{"href":"https:\/\/gobierno.udd.cl\/cpp\/wp-json\/wp\/v2\/posts\/1656","targetHints":{"allow":["GET"]}}],"collection":[{"href":"https:\/\/gobierno.udd.cl\/cpp\/wp-json\/wp\/v2\/posts"}],"about":[{"href":"https:\/\/gobierno.udd.cl\/cpp\/wp-json\/wp\/v2\/types\/post"}],"author":[{"embeddable":true,"href":"https:\/\/gobierno.udd.cl\/cpp\/wp-json\/wp\/v2\/users\/22"}],"replies":[{"embeddable":true,"href":"https:\/\/gobierno.udd.cl\/cpp\/wp-json\/wp\/v2\/comments?post=1656"}],"version-history":[{"count":1,"href":"https:\/\/gobierno.udd.cl\/cpp\/wp-json\/wp\/v2\/posts\/1656\/revisions"}],"predecessor-version":[{"id":1657,"href":"https:\/\/gobierno.udd.cl\/cpp\/wp-json\/wp\/v2\/posts\/1656\/revisions\/1657"}],"wp:featuredmedia":[{"embeddable":true,"href":"https:\/\/gobierno.udd.cl\/cpp\/wp-json\/wp\/v2\/media\/893"}],"wp:attachment":[{"href":"https:\/\/gobierno.udd.cl\/cpp\/wp-json\/wp\/v2\/media?parent=1656"}],"wp:term":[{"taxonomy":"category","embeddable":true,"href":"https:\/\/gobierno.udd.cl\/cpp\/wp-json\/wp\/v2\/categories?post=1656"},{"taxonomy":"post_tag","embeddable":true,"href":"https:\/\/gobierno.udd.cl\/cpp\/wp-json\/wp\/v2\/tags?post=1656"}],"curies":[{"name":"wp","href":"https:\/\/api.w.org\/{rel}","templated":true}]}}