{"id":1653,"date":"2016-03-08T16:35:01","date_gmt":"2016-03-08T19:35:01","guid":{"rendered":"http:\/\/gobierno.udd.cl\/cpp\/?p=1653"},"modified":"2016-03-08T16:35:16","modified_gmt":"2016-03-08T19:35:16","slug":"la-arremetida-de-la-presidenta-que-puede-quebrar-a-la-nueva-mayoria","status":"publish","type":"post","link":"https:\/\/gobierno.udd.cl\/cpp\/noticias\/2016\/03\/08\/la-arremetida-de-la-presidenta-que-puede-quebrar-a-la-nueva-mayoria\/","title":{"rendered":"La arremetida de la Presidenta que puede quebrar a la Nueva Mayor\u00eda"},"content":{"rendered":"<p style=\"text-align: justify;\">As\u00ed como en su primer a\u00f1o Michelle Bachelet presion\u00f3 e impuls\u00f3 con fuerza la reforma tributaria, a costa de los reparos de parlamentarios y figuras de la Nueva Mayor\u00eda, esta vez est\u00e1 forzando a su coalici\u00f3n a que vote el proyecto de reforma laboral, conciente que el tema divide y tensiona al bloque debido al rechazo de la DC y algunos senadores PPD.<\/p>\n<p style=\"text-align: justify;\">De hecho, la Presidenta orden\u00f3 a sus ministros no mostrar las indicaciones del texto legal a los parlamentarios antes que ingresen esta tarde al Senado (el plazo vence a las 19:00 horas). As\u00ed lo admiti\u00f3 el ministro de la Segpres, Nicol\u00e1s Eyzaguirre, a los jefes de bancada de la C\u00e1mara de Diputados y del Senado en la reuni\u00f3n que sostuvieron el lunes reci\u00e9n pasado en La Moneda. Un legislador que particip\u00f3 de la cita dijo que el secretario de Estado les indic\u00f3 que para la Mandataria resulta fundamental sacar adelante la reforma laboral y no dilatar su discusi\u00f3n en el Congreso.<\/p>\n<p style=\"text-align: justify;\">Esta ma\u00f1ana, en conversaci\u00f3n con radio Agricultura, Bachelet abord\u00f3 el tema se\u00f1alando que \u00abllevamos m\u00e1s de un a\u00f1o en esta discusi\u00f3n y creemos que prorrogar una discusi\u00f3n al eterno solo genera incertidumbre y, por lo tanto, esperamos poder votar pronto y aprobar una reforma laboral que nos permita justamente eso, que tengamos un marco laboral moderno y adecuado\u00bb.<\/p>\n<p style=\"text-align: justify;\">Y adelant\u00e1ndose a un eventual rechazo de la DC a la iniciativa legal, si es que el gobierno finalmente no incorpora en sus indicaciones su propuesta para cambiar los puntos referidos al reemplazo en huelga y el reconocimiento al derecho de negociar de los sindicatos interempresas que son rechazados por la CUT, Bachelet afirm\u00f3 que \u00abyo espero que hoy d\u00eda se entreguen las indicaciones, podamos votar y ah\u00ed las personas, obviamente, tienen su libertad de conciencia\u00bb.<\/p>\n<p style=\"text-align: justify;\">La Jefa de Estado defendi\u00f3 su idea de que es necesario fortalecer y modernizar los sindicatos para mejorar las relaciones laborales en el pa\u00eds. \u00abHoy d\u00eda tenemos una legislaci\u00f3n que permite todo tipo de cosas y la legislaci\u00f3n que estamos proponiendo es justamente una legislaci\u00f3n que cautele de la mejor forma posible las necesidades que pueden tener los empleadores, pero tambi\u00e9n los trabajadores, de que la huelga pueda ser efectiva\u00bb.<\/p>\n<p style=\"text-align: justify;\">La decisi\u00f3n de la Presidenta de no esperar un acuerdo con su coalici\u00f3n y forzarla a votar su proyecto fue un tema que los ministros Eyzaguirre, Rodrigo Vald\u00e9s (Hacienda) y Ximena Rinc\u00f3n (Trabajo) conversaron ayer en la tarde con los senadores PPD en la sala de comit\u00e9 de ese partido.<\/p>\n<p style=\"text-align: justify;\">Trascendi\u00f3 que los senadores Guido Girardi y Felipe Harboe le indicaron a Vald\u00e9s que la decisi\u00f3n de la Presidenta pod\u00eda terminar quebrando a la Nueva Mayor\u00eda. Aunque el ministro respondi\u00f3 que no era la intenci\u00f3n del gobierno, s\u00ed admiti\u00f3 que para Bachelet su prioridad es la reforma laboral.<\/p>\n<p style=\"text-align: justify;\">Para el acad\u00e9mico Ernesto \u00c1guila, acelerar la votaci\u00f3n en el Parlamento \u00abes un ejercicio de liderazgo de la Presidenta Bachelet, pero tambi\u00e9n es un gran test para la existencia de la Nueva Mayor\u00eda. Un fracaso en la reforma laboral por 4 votos DC pone en interrogante el futuro de la Nueva Mayor\u00eda\u00bb.<\/p>\n<p style=\"text-align: justify;\">Agreg\u00f3 que \u00ablas encuestas muestran que las personas no ven a los sindicatos como sus adversarios. La ciudadan\u00eda valora mas a los sindicatos que la elite\u00bb.<\/p>\n<p style=\"text-align: justify;\"><strong>El analista de la <span class=\"highlight\">UDD<\/span>, Miguel \u00c1ngel Fern\u00e1ndez<\/strong>, en tanto, dijo que \u00abparece ser que el Ejecutivo pone contra la pared a la Nueva Mayor\u00eda para ganar un cr\u00e9dito pol\u00edtico. Pone el acelerador y pasa a llevar una coalici\u00f3n que ya es fr\u00e1gil y pone m\u00e1s presi\u00f3n a un bloque que no lo ha pasado bien\u00bb.<\/p>\n<p style=\"text-align: justify;\">A su juicio, la reforma laboral dividir\u00e1 \u00aba\u00fan m\u00e1s a los partidos progresistas y los que representan el centro\u00bb.<\/p>\n<p style=\"text-align: justify;\">Prensa publicada en<strong> <a href=\"http:\/\/map.conectamedia.cl\/index.php\/clippingNews\/view?id=309037&amp;email=6825&amp;fromemail=1\" target=\"_blank\">La Segunda 02\/03\/2015<\/a><\/strong><\/p>\n<p style=\"text-align: justify;\">\n<p style=\"text-align: justify;\">\n","protected":false},"excerpt":{"rendered":"<p>As\u00ed como en su primer a\u00f1o Michelle Bachelet presion\u00f3 e impuls\u00f3 con fuerza la reforma tributaria, a costa de los reparos de parlamentarios y figuras de la Nueva Mayor\u00eda, esta vez est\u00e1 forzando a su coalici\u00f3n a que vote el proyecto de reforma laboral, conciente que el tema divide y tensiona al bloque debido al [&hellip;]<\/p>\n","protected":false},"author":22,"featured_media":893,"comment_status":"open","ping_status":"open","sticky":false,"template":"","format":"standard","meta":{"footnotes":""},"categories":[10162],"tags":[],"class_list":["post-1653","post","type-post","status-publish","format-standard","has-post-thumbnail","hentry","category-centro-en-la-prensa"],"featured_image_url":"https:\/\/gobierno.udd.cl\/cpp\/files\/2015\/05\/udd_cpp_prensa_340.png","_links":{"self":[{"href":"https:\/\/gobierno.udd.cl\/cpp\/wp-json\/wp\/v2\/posts\/1653","targetHints":{"allow":["GET"]}}],"collection":[{"href":"https:\/\/gobierno.udd.cl\/cpp\/wp-json\/wp\/v2\/posts"}],"about":[{"href":"https:\/\/gobierno.udd.cl\/cpp\/wp-json\/wp\/v2\/types\/post"}],"author":[{"embeddable":true,"href":"https:\/\/gobierno.udd.cl\/cpp\/wp-json\/wp\/v2\/users\/22"}],"replies":[{"embeddable":true,"href":"https:\/\/gobierno.udd.cl\/cpp\/wp-json\/wp\/v2\/comments?post=1653"}],"version-history":[{"count":2,"href":"https:\/\/gobierno.udd.cl\/cpp\/wp-json\/wp\/v2\/posts\/1653\/revisions"}],"predecessor-version":[{"id":1655,"href":"https:\/\/gobierno.udd.cl\/cpp\/wp-json\/wp\/v2\/posts\/1653\/revisions\/1655"}],"wp:featuredmedia":[{"embeddable":true,"href":"https:\/\/gobierno.udd.cl\/cpp\/wp-json\/wp\/v2\/media\/893"}],"wp:attachment":[{"href":"https:\/\/gobierno.udd.cl\/cpp\/wp-json\/wp\/v2\/media?parent=1653"}],"wp:term":[{"taxonomy":"category","embeddable":true,"href":"https:\/\/gobierno.udd.cl\/cpp\/wp-json\/wp\/v2\/categories?post=1653"},{"taxonomy":"post_tag","embeddable":true,"href":"https:\/\/gobierno.udd.cl\/cpp\/wp-json\/wp\/v2\/tags?post=1653"}],"curies":[{"name":"wp","href":"https:\/\/api.w.org\/{rel}","templated":true}]}}