{"id":1645,"date":"2016-03-02T14:38:47","date_gmt":"2016-03-02T17:38:47","guid":{"rendered":"http:\/\/gobierno.udd.cl\/cpp\/?p=1645"},"modified":"2016-03-02T14:38:47","modified_gmt":"2016-03-02T17:38:47","slug":"ministro-pacheco-realiza-balance-energetico-en-charla-en-el-cpp","status":"publish","type":"post","link":"https:\/\/gobierno.udd.cl\/cpp\/noticias\/2016\/03\/02\/ministro-pacheco-realiza-balance-energetico-en-charla-en-el-cpp\/","title":{"rendered":"Ministro Pacheco realiza balance energ\u00e9tico en charla en el CPP"},"content":{"rendered":"<p>El ministro de Energ\u00eda presenta los resultados del monitoreo con la fijaci\u00f3n del horario \u00fanico de verano en 24 HORAS INFORMA.<\/p>\n<p>Para ver video <a href=\"http:\/\/map.conectamedia.cl\/index.php\/clippingNews\/view?id=264213&amp;email=6226&amp;fromemail=1\" target=\"_blank\">AQU\u00cd<\/a><\/p>\n","protected":false},"excerpt":{"rendered":"<p>El ministro de Energ\u00eda presenta los resultados del monitoreo con la fijaci\u00f3n del horario \u00fanico de verano en 24 HORAS INFORMA. Para ver video AQU\u00cd<\/p>\n","protected":false},"author":22,"featured_media":893,"comment_status":"open","ping_status":"open","sticky":false,"template":"","format":"standard","meta":{"footnotes":""},"categories":[10162],"tags":[11826,8541,11806],"class_list":["post-1645","post","type-post","status-publish","format-standard","has-post-thumbnail","hentry","category-centro-en-la-prensa","tag-agenda-energia","tag-energia","tag-maximo-pacheco"],"featured_image_url":"https:\/\/gobierno.udd.cl\/cpp\/files\/2015\/05\/udd_cpp_prensa_340.png","_links":{"self":[{"href":"https:\/\/gobierno.udd.cl\/cpp\/wp-json\/wp\/v2\/posts\/1645","targetHints":{"allow":["GET"]}}],"collection":[{"href":"https:\/\/gobierno.udd.cl\/cpp\/wp-json\/wp\/v2\/posts"}],"about":[{"href":"https:\/\/gobierno.udd.cl\/cpp\/wp-json\/wp\/v2\/types\/post"}],"author":[{"embeddable":true,"href":"https:\/\/gobierno.udd.cl\/cpp\/wp-json\/wp\/v2\/users\/22"}],"replies":[{"embeddable":true,"href":"https:\/\/gobierno.udd.cl\/cpp\/wp-json\/wp\/v2\/comments?post=1645"}],"version-history":[{"count":1,"href":"https:\/\/gobierno.udd.cl\/cpp\/wp-json\/wp\/v2\/posts\/1645\/revisions"}],"predecessor-version":[{"id":1646,"href":"https:\/\/gobierno.udd.cl\/cpp\/wp-json\/wp\/v2\/posts\/1645\/revisions\/1646"}],"wp:featuredmedia":[{"embeddable":true,"href":"https:\/\/gobierno.udd.cl\/cpp\/wp-json\/wp\/v2\/media\/893"}],"wp:attachment":[{"href":"https:\/\/gobierno.udd.cl\/cpp\/wp-json\/wp\/v2\/media?parent=1645"}],"wp:term":[{"taxonomy":"category","embeddable":true,"href":"https:\/\/gobierno.udd.cl\/cpp\/wp-json\/wp\/v2\/categories?post=1645"},{"taxonomy":"post_tag","embeddable":true,"href":"https:\/\/gobierno.udd.cl\/cpp\/wp-json\/wp\/v2\/tags?post=1645"}],"curies":[{"name":"wp","href":"https:\/\/api.w.org\/{rel}","templated":true}]}}