{"id":1617,"date":"2016-01-29T15:25:56","date_gmt":"2016-01-29T18:25:56","guid":{"rendered":"http:\/\/gobierno.udd.cl\/cpp\/?p=1617"},"modified":"2016-01-29T15:31:27","modified_gmt":"2016-01-29T18:31:27","slug":"investigadores-del-cpp-inician-estudio-sobre-violencia-escolar-y-pandillas","status":"publish","type":"post","link":"https:\/\/gobierno.udd.cl\/cpp\/noticias\/2016\/01\/29\/investigadores-del-cpp-inician-estudio-sobre-violencia-escolar-y-pandillas\/","title":{"rendered":"Investigadores del CPP inician estudio sobre violencia escolar y pandillas"},"content":{"rendered":"<p style=\"text-align: justify;\"><a href=\"http:\/\/gobierno.udd.cl\/cpp\/files\/2016\/01\/FOTO-PANDILLA.jpg\"><img loading=\"lazy\" decoding=\"async\" class=\"alignnone size-medium wp-image-1619\" alt=\"FOTO PANDILLA\" src=\"http:\/\/gobierno.udd.cl\/cpp\/files\/2016\/01\/FOTO-PANDILLA-300x184.jpg\" width=\"300\" height=\"184\" srcset=\"https:\/\/gobierno.udd.cl\/cpp\/files\/2016\/01\/FOTO-PANDILLA-300x184.jpg 300w, https:\/\/gobierno.udd.cl\/cpp\/files\/2016\/01\/FOTO-PANDILLA-1024x630.jpg 1024w, https:\/\/gobierno.udd.cl\/cpp\/files\/2016\/01\/FOTO-PANDILLA-960x591.jpg 960w\" sizes=\"auto, (max-width: 300px) 100vw, 300px\" \/><\/a><\/p>\n<p style=\"text-align: justify;\">En el marco de la entrega del\u00a0<a href=\"http:\/\/www.fnsp.gov.cl\/\" target=\"_blank\">Fondo Nacional de Seguridad P\u00fablica <\/a>de la Subsecretar\u00eda de la Prevenci\u00f3n del Delito, el jueves 28 de enero\u00a0se realiz\u00f3 la\u00a0ceremonia de lanzamiento en el patio de los naranjos del Palacio de La Moneda, ceremonia que cont\u00f3 con la participaci\u00f3n de la Presidenta de la Rep\u00fablica, Sra. Michelle Bachelet.<\/p>\n<p style=\"text-align: justify;\">\u201cEstudio de Determinantes de Violencia Escolar, Pandillas y Violencia Urbana\u201d es el proyecto que los investigadores <a href=\"http:\/\/gobierno.udd.cl\/persona\/mauricio-bravo-4\/\" target=\"_blank\">Mauricio Bravo<\/a>, <a href=\"http:\/\/gobierno.udd.cl\/persona\/hugo-contreras-2\/\" target=\"_blank\">Hugo Contreras<\/a> y <a href=\"http:\/\/gobierno.udd.cl\/persona\/jose-de-la-cruz-garrido\/\" target=\"_blank\">Jos\u00e9 de la Cruz Garrido<\/a>, con el cual se espera estudiar, en un trabajo conjunto con cinco colegios de la Municipalidad de San Bernardo, los factores de riesgo que inciden en el inicio temprano de la carrera delictual y la participaci\u00f3n en pandillas.<\/p>\n<p style=\"text-align: justify;\">El estudio incluir\u00e1 estudios de an\u00e1lisis espacial desde la mirada de la salud p\u00fablica, aplicando adem\u00e1s otros instrumentos de medici\u00f3n como encuestas, focus group y <a href=\"http:\/\/edlab.complejidadsocial.cl\/\" target=\"_blank\">videojuegos<\/a>.<\/p>\n","protected":false},"excerpt":{"rendered":"<p>\u201cEstudio de Determinantes de Violencia Escolar, Pandillas y Violencia Urbana\u201d es el proyecto que los investigadores del Centro de Pol\u00edticas P\u00fablicas Mauricio Bravo, Hugo Contreras y Jos\u00e9 de la Cruz Garrido llevar\u00e1n a cabo durante todo el 2016<\/p>\n","protected":false},"author":22,"featured_media":1618,"comment_status":"open","ping_status":"open","sticky":false,"template":"","format":"standard","meta":{"footnotes":""},"categories":[4],"tags":[11824,6998,9983,8108,7374,11817,10873],"class_list":["post-1617","post","type-post","status-publish","format-standard","has-post-thumbnail","hentry","category-noticias","tag-cpp","tag-educacion","tag-hugo-contreras","tag-jose-de-la-cruz-garrido","tag-mauricio-bravo","tag-pandillas","tag-violencia"],"featured_image_url":"https:\/\/gobierno.udd.cl\/cpp\/files\/2016\/01\/FOTO-PANDILLA_DESTACADA.jpg","_links":{"self":[{"href":"https:\/\/gobierno.udd.cl\/cpp\/wp-json\/wp\/v2\/posts\/1617","targetHints":{"allow":["GET"]}}],"collection":[{"href":"https:\/\/gobierno.udd.cl\/cpp\/wp-json\/wp\/v2\/posts"}],"about":[{"href":"https:\/\/gobierno.udd.cl\/cpp\/wp-json\/wp\/v2\/types\/post"}],"author":[{"embeddable":true,"href":"https:\/\/gobierno.udd.cl\/cpp\/wp-json\/wp\/v2\/users\/22"}],"replies":[{"embeddable":true,"href":"https:\/\/gobierno.udd.cl\/cpp\/wp-json\/wp\/v2\/comments?post=1617"}],"version-history":[{"count":4,"href":"https:\/\/gobierno.udd.cl\/cpp\/wp-json\/wp\/v2\/posts\/1617\/revisions"}],"predecessor-version":[{"id":1623,"href":"https:\/\/gobierno.udd.cl\/cpp\/wp-json\/wp\/v2\/posts\/1617\/revisions\/1623"}],"wp:featuredmedia":[{"embeddable":true,"href":"https:\/\/gobierno.udd.cl\/cpp\/wp-json\/wp\/v2\/media\/1618"}],"wp:attachment":[{"href":"https:\/\/gobierno.udd.cl\/cpp\/wp-json\/wp\/v2\/media?parent=1617"}],"wp:term":[{"taxonomy":"category","embeddable":true,"href":"https:\/\/gobierno.udd.cl\/cpp\/wp-json\/wp\/v2\/categories?post=1617"},{"taxonomy":"post_tag","embeddable":true,"href":"https:\/\/gobierno.udd.cl\/cpp\/wp-json\/wp\/v2\/tags?post=1617"}],"curies":[{"name":"wp","href":"https:\/\/api.w.org\/{rel}","templated":true}]}}