{"id":1590,"date":"2016-01-23T14:20:22","date_gmt":"2016-01-23T17:20:22","guid":{"rendered":"http:\/\/gobierno.udd.cl\/cpp\/?p=1590"},"modified":"2016-01-23T14:22:15","modified_gmt":"2016-01-23T17:22:15","slug":"richard-wilkinson-y-kate-pickett-participaron-del-panel-de-conversacion-cpp","status":"publish","type":"post","link":"https:\/\/gobierno.udd.cl\/cpp\/noticias\/2016\/01\/23\/richard-wilkinson-y-kate-pickett-participaron-del-panel-de-conversacion-cpp\/","title":{"rendered":"Richard Wilkinson y Kate Pickett participaron del panel de conversaci\u00f3n CPP"},"content":{"rendered":"<div>\n<div id=\"gallery-1\" class=\"carousel slide carousel-gallery\" data-ride=\"false\" data-interval=\"false\"><div class=\"carousel-inner\" role=\"listbox\"><figure class=\"carousel-item active\"><img loading=\"lazy\" decoding=\"async\" width=\"719\" height=\"534\" src=\"https:\/\/gobierno.udd.cl\/cpp\/files\/2016\/01\/IMG_0029-800x450.jpg\" class=\"attachment-landscape_952 size-landscape_952 lazyload\" alt=\"\" sizes=\"auto, (max-width: 719px) 100vw, 719px\" data-src=\"https:\/\/gobierno.udd.cl\/cpp\/files\/2016\/01\/IMG_0029.jpg\" data-srcset=\"https:\/\/gobierno.udd.cl\/cpp\/files\/2016\/01\/IMG_0029.jpg 4500w, https:\/\/gobierno.udd.cl\/cpp\/files\/2016\/01\/IMG_0029-300x222.jpg 300w, https:\/\/gobierno.udd.cl\/cpp\/files\/2016\/01\/IMG_0029-1024x760.jpg 1024w, https:\/\/gobierno.udd.cl\/cpp\/files\/2016\/01\/IMG_0029-960x712.jpg 960w\" \/><\/figure><figure class=\"carousel-item\"><img loading=\"lazy\" decoding=\"async\" width=\"682\" height=\"534\" src=\"https:\/\/gobierno.udd.cl\/cpp\/files\/2016\/01\/IMG_0032-800x450.jpg\" class=\"attachment-landscape_952 size-landscape_952 lazyload\" alt=\"\" sizes=\"auto, (max-width: 682px) 100vw, 682px\" data-src=\"https:\/\/gobierno.udd.cl\/cpp\/files\/2016\/01\/IMG_0032.jpg\" data-srcset=\"https:\/\/gobierno.udd.cl\/cpp\/files\/2016\/01\/IMG_0032.jpg 4416w, https:\/\/gobierno.udd.cl\/cpp\/files\/2016\/01\/IMG_0032-300x234.jpg 300w, https:\/\/gobierno.udd.cl\/cpp\/files\/2016\/01\/IMG_0032-1024x801.jpg 1024w, https:\/\/gobierno.udd.cl\/cpp\/files\/2016\/01\/IMG_0032-960x751.jpg 960w\" \/><\/figure><figure class=\"carousel-item\"><img loading=\"lazy\" decoding=\"async\" width=\"781\" height=\"534\" src=\"https:\/\/gobierno.udd.cl\/cpp\/files\/2016\/01\/IMG_0035-800x450.jpg\" class=\"attachment-landscape_952 size-landscape_952 lazyload\" alt=\"\" sizes=\"auto, (max-width: 781px) 100vw, 781px\" data-src=\"https:\/\/gobierno.udd.cl\/cpp\/files\/2016\/01\/IMG_0035.jpg\" data-srcset=\"https:\/\/gobierno.udd.cl\/cpp\/files\/2016\/01\/IMG_0035.jpg 4968w, https:\/\/gobierno.udd.cl\/cpp\/files\/2016\/01\/IMG_0035-300x205.jpg 300w, https:\/\/gobierno.udd.cl\/cpp\/files\/2016\/01\/IMG_0035-1024x699.jpg 1024w, https:\/\/gobierno.udd.cl\/cpp\/files\/2016\/01\/IMG_0035-960x656.jpg 960w\" \/><\/figure><figure class=\"carousel-item\"><img loading=\"lazy\" decoding=\"async\" width=\"801\" height=\"534\" src=\"https:\/\/gobierno.udd.cl\/cpp\/files\/2016\/01\/IMG_0059-800x450.jpg\" class=\"attachment-landscape_952 size-landscape_952 lazyload\" alt=\"\" sizes=\"auto, (max-width: 801px) 100vw, 801px\" data-src=\"https:\/\/gobierno.udd.cl\/cpp\/files\/2016\/01\/IMG_0059.jpg\" data-srcset=\"https:\/\/gobierno.udd.cl\/cpp\/files\/2016\/01\/IMG_0059.jpg 5184w, https:\/\/gobierno.udd.cl\/cpp\/files\/2016\/01\/IMG_0059-300x200.jpg 300w, https:\/\/gobierno.udd.cl\/cpp\/files\/2016\/01\/IMG_0059-1024x682.jpg 1024w, https:\/\/gobierno.udd.cl\/cpp\/files\/2016\/01\/IMG_0059-960x640.jpg 960w\" \/><\/figure><figure class=\"carousel-item\"><img loading=\"lazy\" decoding=\"async\" width=\"718\" height=\"534\" src=\"https:\/\/gobierno.udd.cl\/cpp\/files\/2016\/01\/IMG_0077-800x450.jpg\" class=\"attachment-landscape_952 size-landscape_952 lazyload\" alt=\"\" sizes=\"auto, (max-width: 718px) 100vw, 718px\" data-src=\"https:\/\/gobierno.udd.cl\/cpp\/files\/2016\/01\/IMG_0077.jpg\" data-srcset=\"https:\/\/gobierno.udd.cl\/cpp\/files\/2016\/01\/IMG_0077.jpg 4476w, https:\/\/gobierno.udd.cl\/cpp\/files\/2016\/01\/IMG_0077-300x223.jpg 300w, https:\/\/gobierno.udd.cl\/cpp\/files\/2016\/01\/IMG_0077-1024x761.jpg 1024w, https:\/\/gobierno.udd.cl\/cpp\/files\/2016\/01\/IMG_0077-960x714.jpg 960w\" \/><\/figure><figure class=\"carousel-item\"><img loading=\"lazy\" decoding=\"async\" width=\"801\" height=\"534\" src=\"https:\/\/gobierno.udd.cl\/cpp\/files\/2016\/01\/IMG_0091-800x450.jpg\" class=\"attachment-landscape_952 size-landscape_952 lazyload\" alt=\"\" sizes=\"auto, (max-width: 801px) 100vw, 801px\" data-src=\"https:\/\/gobierno.udd.cl\/cpp\/files\/2016\/01\/IMG_0091.jpg\" data-srcset=\"https:\/\/gobierno.udd.cl\/cpp\/files\/2016\/01\/IMG_0091.jpg 5184w, https:\/\/gobierno.udd.cl\/cpp\/files\/2016\/01\/IMG_0091-300x200.jpg 300w, https:\/\/gobierno.udd.cl\/cpp\/files\/2016\/01\/IMG_0091-1024x682.jpg 1024w, https:\/\/gobierno.udd.cl\/cpp\/files\/2016\/01\/IMG_0091-960x640.jpg 960w\" \/><\/figure><figure class=\"carousel-item\"><img loading=\"lazy\" decoding=\"async\" width=\"801\" height=\"534\" src=\"https:\/\/gobierno.udd.cl\/cpp\/files\/2016\/01\/IMG_0098-800x450.jpg\" class=\"attachment-landscape_952 size-landscape_952 lazyload\" alt=\"\" sizes=\"auto, (max-width: 801px) 100vw, 801px\" data-src=\"https:\/\/gobierno.udd.cl\/cpp\/files\/2016\/01\/IMG_0098.jpg\" data-srcset=\"https:\/\/gobierno.udd.cl\/cpp\/files\/2016\/01\/IMG_0098.jpg 5184w, https:\/\/gobierno.udd.cl\/cpp\/files\/2016\/01\/IMG_0098-300x200.jpg 300w, https:\/\/gobierno.udd.cl\/cpp\/files\/2016\/01\/IMG_0098-1024x682.jpg 1024w, https:\/\/gobierno.udd.cl\/cpp\/files\/2016\/01\/IMG_0098-960x640.jpg 960w\" \/><\/figure><figure class=\"carousel-item\"><img loading=\"lazy\" decoding=\"async\" width=\"801\" height=\"534\" src=\"https:\/\/gobierno.udd.cl\/cpp\/files\/2016\/01\/IMG_0101-800x450.jpg\" class=\"attachment-landscape_952 size-landscape_952 lazyload\" alt=\"\" sizes=\"auto, (max-width: 801px) 100vw, 801px\" data-src=\"https:\/\/gobierno.udd.cl\/cpp\/files\/2016\/01\/IMG_0101.jpg\" data-srcset=\"https:\/\/gobierno.udd.cl\/cpp\/files\/2016\/01\/IMG_0101.jpg 5184w, https:\/\/gobierno.udd.cl\/cpp\/files\/2016\/01\/IMG_0101-300x200.jpg 300w, https:\/\/gobierno.udd.cl\/cpp\/files\/2016\/01\/IMG_0101-1024x682.jpg 1024w, https:\/\/gobierno.udd.cl\/cpp\/files\/2016\/01\/IMG_0101-960x640.jpg 960w\" \/><\/figure><figure class=\"carousel-item\"><img loading=\"lazy\" decoding=\"async\" width=\"757\" height=\"534\" src=\"https:\/\/gobierno.udd.cl\/cpp\/files\/2016\/01\/IMG_0160-800x450.jpg\" class=\"attachment-landscape_952 size-landscape_952 lazyload\" alt=\"\" sizes=\"auto, (max-width: 757px) 100vw, 757px\" data-src=\"https:\/\/gobierno.udd.cl\/cpp\/files\/2016\/01\/IMG_0160.jpg\" data-srcset=\"https:\/\/gobierno.udd.cl\/cpp\/files\/2016\/01\/IMG_0160.jpg 4902w, https:\/\/gobierno.udd.cl\/cpp\/files\/2016\/01\/IMG_0160-300x211.jpg 300w, https:\/\/gobierno.udd.cl\/cpp\/files\/2016\/01\/IMG_0160-1024x721.jpg 1024w, https:\/\/gobierno.udd.cl\/cpp\/files\/2016\/01\/IMG_0160-316x224.jpg 316w, https:\/\/gobierno.udd.cl\/cpp\/files\/2016\/01\/IMG_0160-87x62.jpg 87w, https:\/\/gobierno.udd.cl\/cpp\/files\/2016\/01\/IMG_0160-960x676.jpg 960w\" \/><\/figure><figure class=\"carousel-item\"><img loading=\"lazy\" decoding=\"async\" width=\"629\" height=\"534\" src=\"https:\/\/gobierno.udd.cl\/cpp\/files\/2016\/01\/IMG_0164-800x450.jpg\" class=\"attachment-landscape_952 size-landscape_952 lazyload\" alt=\"\" sizes=\"auto, (max-width: 629px) 100vw, 629px\" data-src=\"https:\/\/gobierno.udd.cl\/cpp\/files\/2016\/01\/IMG_0164.jpg\" data-srcset=\"https:\/\/gobierno.udd.cl\/cpp\/files\/2016\/01\/IMG_0164.jpg 4074w, https:\/\/gobierno.udd.cl\/cpp\/files\/2016\/01\/IMG_0164-300x254.jpg 300w, https:\/\/gobierno.udd.cl\/cpp\/files\/2016\/01\/IMG_0164-1024x868.jpg 1024w, https:\/\/gobierno.udd.cl\/cpp\/files\/2016\/01\/IMG_0164-960x814.jpg 960w\" \/><\/figure><\/div><footer class=\"carousel-footer\"><div class=\"carousel-counter\"><span class=\"carousel-counter-current\"><\/span> \/ <span class=\"carousel-counter-total\"><\/span><\/div><a class=\"carousel-control-prev\" href=\"#gallery-1\" role=\"button\" data-slide=\"prev\"><svg aria-hidden=\"true\" class=\"svg-chevron-left-dims\"><use xlink:href='https:\/\/gobierno.udd.cl\/cpp\/wp-content\/themes\/facultades-2018\/assets\/img\/svg\/dist\/main.svg?version=1695853099#chevron-left'><\/use><\/svg><span class=\"sr-only\">Anterior<\/span><\/a><a class=\"carousel-control-next\" href=\"#gallery-1\" role=\"button\" data-slide=\"next\"><svg aria-hidden=\"true\" class=\"svg-chevron-right-dims\"><use xlink:href='https:\/\/gobierno.udd.cl\/cpp\/wp-content\/themes\/facultades-2018\/assets\/img\/svg\/dist\/main.svg?version=1695853099#chevron-right'><\/use><\/svg><span class=\"sr-only\">Siguiente<\/span><\/a><\/footer><\/div>\n<p style=\"text-align: justify;\">En una nueva versi\u00f3n del Panel de conversaci\u00f3n CPP, el economista y epidemi\u00f3logo de la Universidad College de Londres y de la Universidad de York, Profesor <b>Richard Wilkinson<\/b>, y la Profesora de Epidemiolog\u00eda del Departamento de Ciencias de la Salud de la Universidad de York, <b>Kate Pickett\u00a0<\/b>presentaron\u00a0\u00abQu\u00e9 significa y c\u00f3mo se mide el bienestar infantil en el mundo de hoy?, donde hicieron repaso de una serie de ideas relativas a la influencia que tiene la desigualdad en las indicadores de salud. Los autores del influyente libro \u00abThe Spirit Level\u00bb y autores del blog\u00a0\u00a0<a href=\"https:\/\/www.equalitytrust.org.uk\/\" target=\"_blank\">https:\/\/www.<wbr \/>equalitytrust.org.uk\/<\/a>\u00a0 sostienen\u00a0hay una evidencia robusta\u00a0de la vinculaci\u00f3n de los determinantes sociales de la salud (por ejemplo, la pobreza relativa y\u00a0la desigualdad de ingresos) para el bienestar del ni\u00f1o, social y de salud p\u00fablica. En este contexto,\u00a0la pol\u00edtica tiende a centrarse en las intervenciones para mitigar sus efectos,\u00a0en lugar de eliminar las causas profundas.<\/p>\n<p style=\"text-align: justify;\">Ambos auotores galardonados con el Premio Rosa de Plata 2013 de Solidaridad por su defensa de la igualdad social.<\/p>\n<p style=\"text-align: justify;\">Para trabajo de Wilkinson y Pickett ver:<\/p>\n<p style=\"text-align: justify;\"><a href=\"http:\/\/gobierno.udd.cl\/cpp\/files\/2016\/01\/Pickett-Wilkinson-2015-Child-Wellbeing.pdf\">Pickett &amp; Wilkinson 2015 Child Well-Being<\/a><\/p>\n<p style=\"text-align: justify;\"><a href=\"http:\/\/gobierno.udd.cl\/cpp\/files\/2016\/01\/Prady-et-al-2015-Maternal-distress-and-infant-wellbeing.pdf\">Prady et al 2015 Maternal Distress and Infant Well-Being<\/a><\/p>\n<p style=\"text-align: justify;\">Para ver las mayores cr\u00edticas a las metodolog\u00edas de los autores puede revisar el trabajo de Peter Saunders:<\/p>\n<p style=\"text-align: justify;\"><a href=\"http:\/\/gobierno.udd.cl\/cpp\/files\/2016\/01\/Saunders-Beware-False-Prophets.pdf\">Saunders Beware False Prophets<\/a><\/p>\n<p style=\"text-align: justify;\">Bio de los expositores:<\/p>\n<p style=\"text-align: justify;\"><b>Richard G. Wilkinson<\/b><\/p>\n<p style=\"text-align: justify;\">Economista y epidemi\u00f3logo social. Es profesor em\u00e9rito de Epidemiolog\u00eda Social de la Universidad de Nottingham, despu\u00e9s de haberse retirado en 2008. Tambi\u00e9n es Profesor Honorario de Epidemiolog\u00eda y Salud P\u00fablica de la Universidad College de Londres y profesor visitante en la Universidad de York. En 2009, Richard fue cofundador del The Equality Trust (<a href=\"https:\/\/www.equalitytrust.org.uk\/\" target=\"_blank\">https:\/\/www.equalitytrust.<wbr \/>org.uk\/<\/a>). Richard fue galardonado con el Premio Rosa de Plata 2013 de Solidaridad por su defensa de la igualdad social y el 2014 Charles Cully Memorial Medalla por la Sociedad del C\u00e1ncer de Irlanda.<\/p>\n<h2 style=\"text-align: justify;\"><span style=\"font-size: small;\">Kate\u00a0E. Pickett<\/span><\/h2>\n<p style=\"text-align: justify;\">Profesora de Epidemiolog\u00eda en el Departamento de Ciencias de la Salud de la Universidad de York.\u00a0Kate\u00a0fue galardonada con el Premio Rosa de Plata 2013 de Solidaridad por su defensa de la igualdad social y el 2014 Charles Cully Memorial Medalla por la Sociedad del C\u00e1ncer de Irlanda. Fue comisionada para la Comisi\u00f3n de Equidad York y la Comisi\u00f3n de Salario Digno De Reino Unido. Ella es miembro del Consejo Cient\u00edfico The Inequality Watch, del Consejo Cient\u00edfico de Econom\u00eda Progresiva y del Instituto de Nuevo Pensamiento Econ\u00f3mico. Participa adem\u00e1s en el Comit\u00e9 Directivo de la Alianza para la Sostenibilidad y la Prosperidad.<\/p>\n<\/div>\n<div style=\"text-align: justify;\"><\/div>\n","protected":false},"excerpt":{"rendered":"<p>Richard Wilkinson y Kate Pickett presentaron \u00abQu\u00e9 significa y c\u00f3mo se mide el bienestar infantil en el mundo de hoy? en una nueva versi\u00f3n del Panel de conversaci\u00f3n del Centro de Pol\u00edticas Publicas.<\/p>\n","protected":false},"author":22,"featured_media":1604,"comment_status":"open","ping_status":"open","sticky":false,"template":"","format":"standard","meta":{"footnotes":""},"categories":[4],"tags":[11824,11814,11813,11816,3801,4176,11815],"class_list":["post-1590","post","type-post","status-publish","format-standard","has-post-thumbnail","hentry","category-noticias","tag-cpp","tag-igualdad","tag-paneles-cpp","tag-pickett","tag-politicas-publicas","tag-udd","tag-wilkinson"],"featured_image_url":"https:\/\/gobierno.udd.cl\/cpp\/files\/2016\/01\/Pickett_destacada.jpg","_links":{"self":[{"href":"https:\/\/gobierno.udd.cl\/cpp\/wp-json\/wp\/v2\/posts\/1590","targetHints":{"allow":["GET"]}}],"collection":[{"href":"https:\/\/gobierno.udd.cl\/cpp\/wp-json\/wp\/v2\/posts"}],"about":[{"href":"https:\/\/gobierno.udd.cl\/cpp\/wp-json\/wp\/v2\/types\/post"}],"author":[{"embeddable":true,"href":"https:\/\/gobierno.udd.cl\/cpp\/wp-json\/wp\/v2\/users\/22"}],"replies":[{"embeddable":true,"href":"https:\/\/gobierno.udd.cl\/cpp\/wp-json\/wp\/v2\/comments?post=1590"}],"version-history":[{"count":3,"href":"https:\/\/gobierno.udd.cl\/cpp\/wp-json\/wp\/v2\/posts\/1590\/revisions"}],"predecessor-version":[{"id":1607,"href":"https:\/\/gobierno.udd.cl\/cpp\/wp-json\/wp\/v2\/posts\/1590\/revisions\/1607"}],"wp:featuredmedia":[{"embeddable":true,"href":"https:\/\/gobierno.udd.cl\/cpp\/wp-json\/wp\/v2\/media\/1604"}],"wp:attachment":[{"href":"https:\/\/gobierno.udd.cl\/cpp\/wp-json\/wp\/v2\/media?parent=1590"}],"wp:term":[{"taxonomy":"category","embeddable":true,"href":"https:\/\/gobierno.udd.cl\/cpp\/wp-json\/wp\/v2\/categories?post=1590"},{"taxonomy":"post_tag","embeddable":true,"href":"https:\/\/gobierno.udd.cl\/cpp\/wp-json\/wp\/v2\/tags?post=1590"}],"curies":[{"name":"wp","href":"https:\/\/api.w.org\/{rel}","templated":true}]}}