{"id":1586,"date":"2016-01-18T08:02:58","date_gmt":"2016-01-18T11:02:58","guid":{"rendered":"http:\/\/gobierno.udd.cl\/cpp\/?p=1586"},"modified":"2016-01-18T08:03:37","modified_gmt":"2016-01-18T11:03:37","slug":"neoliberalismo-de-izquierdas-desolacion-y-hastio-por-mauricio-bravo-y-mauro-salazar","status":"publish","type":"post","link":"https:\/\/gobierno.udd.cl\/cpp\/noticias\/2016\/01\/18\/neoliberalismo-de-izquierdas-desolacion-y-hastio-por-mauricio-bravo-y-mauro-salazar\/","title":{"rendered":"Neoliberalismo de izquierdas: desolaci\u00f3n y hast\u00edo por Mauricio Bravo y Mauro Salazar"},"content":{"rendered":"<figure><figcaption><\/figcaption><\/figure>\n<div>\n<div>\n<p style=\"text-align: justify;\">Una vez que la \u201cizquierda chilena\u201d se encuentra a las puertas de una nueva bancarrota se ha corrido el velo ideol\u00f3gico de la \u201cdulzura\u201d y ello deja al descubierto la ausencia de convicciones genuinamente democr\u00e1ticas del ecoprogresismo. Podemos sostener que la \u201cciudadan\u00eda informada\u201d ha sido sometida a un escarnio de sus emociones colectivas (igualdad, justicia distributiva, educaci\u00f3n gratuita, nueva Constituci\u00f3n, etc\u00e9tera).\u00a0A poco andar la opini\u00f3n p\u00fablica \u2013informada o no\u2013 ha perdido el estupor ante el aluvi\u00f3n de redes de influencias y grupos de presi\u00f3n que ha secuestrado las relaciones del conglomerado oficialista: la crisis del campo pol\u00edtico se extiende desde el nepotismo ilustrado de Lagos hasta el irrisorio caso Caval \u2013y as\u00ed a todo el paisaje pol\u00edtico\u2013.<\/p>\n<\/div>\n<div>\n<p style=\"text-align: justify;\" align=\"JUSTIFY\">Como bien sabemos, el a\u00f1o 2015 \u2013a\u00f1o del desconcierto\u2013 fue donde se marchitaron hasta las \u00faltimas representaciones republicanas. De un lado, el ministro Nicol\u00e1s Eyzaguirre, una vez que sali\u00f3 de la cartera de educaci\u00f3n, sobreabund\u00f3 en intrincadas explicaciones y con extra\u00f1o pudor no hizo m\u00e1s que impugnar el <i>timing<\/i> de la reforma que \u00e9l mismo deb\u00eda impulsar. De otro, debemos destacar el pundonor (\u201cla fidelidad a toda prueba\u201d) de los asesores ministeriales \u2013ex dirigentes estudiantiles\u2013 que estuvo a la altura de tal concubinato.<\/p>\n<p style=\"text-align: justify;\" align=\"JUSTIFY\">En suma, todos los actores de esta trama estuvieron a la \u201caltura de su verdad\u201d (clase pol\u00edtica, bancada parlamentaria, operadores de ocasi\u00f3n, <em>lobbistas<\/em> de oficio, Divesup, CNED, etc.). Quiz\u00e1s hay un solo s\u00edntoma por rescatar en esta <i>performance<\/i>: como era de esperar un resurrecto Eyzaguirre no compart\u00eda de entrada la necesidad de ficcionar una brecha insalvable entre educaci\u00f3n p\u00fablica y educaci\u00f3n privada. No era el personaje id\u00f3neo para negar el hist\u00f3rico r\u00e9gimen de provisi\u00f3n mixta sancionado en 1922, ni menos para obviar que en los a\u00f1os 60 la demanda de la educaci\u00f3n superior sobrepasaba la oferta estatal y ello forzaba alg\u00fan mecanismo de desregulaci\u00f3n; ese camino era el despe\u00f1adero y el imp\u00e1vido economista de Harvard, dadas sus filiaciones elitarias, intent\u00f3 preservar su controversial imagen p\u00fablica.<\/p>\n<p style=\"text-align: justify;\" align=\"JUSTIFY\">Y as\u00ed se ha revelado el patr\u00f3n compulsivo del \u201cecoprogresismo\u201d que pulula \u201cladinamente\u201d entre un neoliberalismo avanzado y una socialdemocracia de baja intensidad. Dada la elasticidad de la transversalidad progresista, somos testigos de una acumulaci\u00f3n de demandas insatisfechas: los coqueteos de una \u00e9pica tard\u00eda.<\/p>\n<p style=\"text-align: justify;\" align=\"JUSTIFY\">La Nueva Mayor\u00eda ha insistido en agigantar la brecha entre un tibio populismo \u2013salpicando \u00e9picas, lesionando \u00e9ticas\u2013 y la vida cotidiana. Aqu\u00ed conviene recordar que el <i>realismo<\/i>, esa especie de acompa\u00f1ante macabro que la \u201cizquierda socialista\u201d patentiz\u00f3 el 12 de septiembre de 1973, dio lugar a un programa cultural que precede por lejos la pol\u00edtica de consensos acu\u00f1ada en los a\u00f1os 90. Hoy en d\u00eda la coalici\u00f3n del arco\u00edris se esmera con desenfado \u2013una y otra vez\u2013 en adaptarse velozmente a la facticidad de los ciclos pol\u00edticos. De suyo Bachelet, lejos de representar el s\u00edmbolo de los cambios comprometidos ante la ciudadan\u00eda, es el resultado de una trama \u2013transaccional\u2013 de indefiniciones program\u00e1ticas (\u00bfprograma?) y urgencias contingenciales (\u00bfglosa?). Pero ello no deber\u00eda ser motivo de sorpresa, en su primer periodo la Presidenta apel\u00f3 a la ret\u00f3rica del \u201cgobierno ciudadano\u201d \u2013paridad de g\u00e9nero\u2013 y luego termin\u00f3 en un lamentable <i>affaire<\/i> con el grupo Expansiva, ahora como \u201clectora\u201d del malestar ciudadano apel\u00f3 al principio de igualdad, pero el juego de influencias no tard\u00f3 en tocar las puertas de Palacio. <i> <\/i><\/p>\n<p style=\"text-align: justify;\" align=\"JUSTIFY\">Cabe abundar en algunas preguntas para recordar la imp\u00fadica actitud gubernamental: \u00bfes cierto\u00a0que la ex Concertaci\u00f3n \u2013actual Nueva Mayor\u00eda\u2013 ha experimentado una metamorfosis en el tiempo, una reproducci\u00f3n parental, para extender sus privilegios parlamentarios? En materia de participaci\u00f3n ciudadana, \u00bfha contribuido este conglomerado a reforzar una bater\u00eda de pol\u00edticas p\u00fablicas que han debilitado los procesos de acci\u00f3n colectiva? En el plano coyuntural, \u00bfes cierto que esta coalici\u00f3n se \u201cadapt\u00f3\u201d ladinamente a las reivindicaciones del movimiento estudiantil \u2013fin al lucro\u2013, aun cuando recluta a sus grupos parentales en colegios de elite, participando de los mismos rituales selectivos que condena p\u00fablicamente?<\/p>\n<p style=\"text-align: justify;\" align=\"JUSTIFY\">Con relaci\u00f3n a los sucesos del a\u00f1o 2011, \u00bfes veraz que estamos ante una elite pol\u00edtica que ha alimentado la \u201cinflaci\u00f3n discursiva\u201d de la demanda social encabezada por el movimiento ciudadano (2011) y ahora \u2013aunque descre\u00edda y <i>fuera de s\u00ed\u2013<\/i>\u00a0enarbola un desgastado programa de reformas? Por \u00faltimo, desde un \u201cjuicio de hecho\u201d, \u00bfsu clase dirigencial \u2013Burgos, Walker, Lagos, Tironi y Solari\u2013 han participado \u201cleg\u00edtimamente\u201d de paneles de expertos, juntas de accionistas y directorios de empresas privadas perpetuando la reproducci\u00f3n elitaria? La respuesta a todas estas afirmaciones es contundente y resulta majadero volver a reiterar esta consabida evidencia emp\u00edrica. No hay lugar para la vacilaci\u00f3n. M\u00e1s luces que sombras, m\u00e1s simulacro que acciones reales.<\/p>\n<p style=\"text-align: justify;\" align=\"JUSTIFY\">Todo resulta inescrupuloso, propio de ese <i>concertar<\/i><b> <\/b>que, de un lado, aprecia profundamente la gobernabilidad institucional, y de otro, tiene una perversi\u00f3n afectiva hacia las pr\u00e1cticas del consenso que ha protagonizado en los \u00faltimos dos decenios.<b> <\/b><\/p>\n<p style=\"text-align: justify;\" align=\"JUSTIFY\">Como bien sabemos hay razones muy poderosas para cancelar la comunicaci\u00f3n pol\u00edtica con esta coalici\u00f3n. Por lo mismo, cabe reiterar \u201calgo\u201d que abunda en el malestar ciudadano: hoy m\u00e1s que nunca es necesario mitigar las expectativas que la Nueva Mayor\u00eda sigue inflando por cuanto existe un \u201ccapital humano\u201d \u2013irreductible\u2013 dentro de la coalici\u00f3n que en los \u00faltimos dos decenios ha participado entusiastamente de una gesti\u00f3n instrumental que hace compleja la viabilidad de los cambios comprometidos \u2013pese al mentado relato igualitario que obra cual espectro para obstruir la propia modernizaci\u00f3n cimentada desde 1990\u2013. Ello nos lleva a pensar que la \u201cgeneraci\u00f3n del miedo\u201d (G90) no o\u00f3lo se explica por los llamados \u201cenclaves autoritarios\u201d con que Manuel Antonio Garret\u00f3n retrat\u00f3 los a\u00f1os de la transici\u00f3n, sino por un \u201cethos elitario\u201d vinculado a los beneficios de la \u201cmatriz del <em>commodity<\/em>\u201d que se agudizaron dr\u00e1sticamente bajo la elite concertacionista.<\/p>\n<p style=\"text-align: justify;\" align=\"JUSTIFY\">La desmedrada reforma educacional promovida por la coalici\u00f3n del arco\u00edris se relaciona, de una u otra manera, con interrogantes que no tienen respuesta. Querr\u00edamos pensar \u2013con cierta cuota de candidez\u2013 que a\u00fan se puede persistir por un nuevo modelo de inclusi\u00f3n ciudadana. Pero el \u201cbicameralismo psicol\u00f3gico\u201d de la Nueva Mayor\u00eda respecto a la modernizaci\u00f3n que implement\u00f3 en los \u00faltimos 25 a\u00f1os obstruye todas las opciones posibles. Cabe aclarar que NO se trata de una mala consciencia con la cual esta coalici\u00f3n conviva cotidianamente; hay destellos puntuales (2006 y 2011), o bien, recuerdos ebrios que la hacen retrotraerse temporalmente, puntualmente, a una mirada m\u00e1s sagaz de la sociedad chilena \u2013que en materia de educaci\u00f3n superior vino a expresarse en una inusitada oferta estatal\u2013. Pero son momentos fugaces de la elite pol\u00edtica y no un eventual desgarro entre autoflagelantes y autocomplacientes. A la luz de la evidencia es imposible ir m\u00e1s all\u00e1 del nihilismo de izquierda \u2013oportunismo bicameral\u2013.<\/p>\n<p style=\"text-align: justify;\" align=\"JUSTIFY\">De este modo, queda configurado un \u201cdiagn\u00f3stico de la derrota\u201d, y tambi\u00e9n una narrativa ideol\u00f3gica para delimitar las fronteras entre redimidos-conversos a la \u201csociedad del <em>commodity<\/em>\u201d (sin pudores) y cr\u00edticos-resistentes al modelo econ\u00f3mico-pol\u00edtico de la reconstrucci\u00f3n democr\u00e1tica. Durante estas \u00faltimas dos d\u00e9cadas, la frontera se\u00f1alada no ha sido una delimitaci\u00f3n infranqueable que nos permita dar cuenta de identidades pol\u00edticas maduras, sino de una \u201celite l\u00edquida\u201d que cultiva las nuevas formas del socialismo neoliberal y cuestiona antojadizamente las actuales configuraciones de elitizaci\u00f3n pol\u00edtica. Tras el transcurrir de la democracia chilena, ha quedado en evidencia (una vez m\u00e1s) que estas identidades pol\u00edticas \u2013cual <i>sujetos n\u00f3mades\u2013<\/i>\u00a0pueden transgredir una y mil veces las fronteras ideol\u00f3gicas, y hospedarse sin demasiados escr\u00fapulos, en un lado u otro del paisaje pol\u00edtico.<\/p>\n<p style=\"text-align: justify;\" align=\"JUSTIFY\">Quiz\u00e1s hubiera sido de menor costo p\u00fablico \u2013en t\u00e9rminos de legitimidad ciudadana\u2013 sincerar el tenaz gatopardismo y asumir la condici\u00f3n pendular de esta coalici\u00f3n. Debemos recordar que el gobierno de Patricio Aylwin sancion\u00f3 la din\u00e1mica de los consensos. M\u00e1s all\u00e1 de su impopular y \u00e1cido axioma ante el mundo ecoprogresista fue capaz de explicitar, a su manera, la ambig\u00fcedad fundante de la coalici\u00f3n del arco\u00edris: \u00a1<i>justicia en la medida de lo posible!,<\/i>\u00a0no era el refr\u00e1n elaborado para los a\u00f1os 90, sino la verbalizaci\u00f3n de la \u201cconsciencia c\u00ednica\u201d de los partidos de la transici\u00f3n.<\/p>\n<p style=\"text-align: justify;\" align=\"JUSTIFY\">Ejemplos abundan. De un lado, dirigentes pol\u00edticos convencidos de la exuberante arquitectura de la transici\u00f3n chilena a la democracia, la bullada estabilizaci\u00f3n institucional de Boeninger; de otro, \u201ctecn\u00f3logos de Estado\u201d que pontifican la eficacia de la pol\u00edtica p\u00fablica focalizada. A ello se suman, de cuando en vez, en una escena bufa, actores que traspasan la frontera institucional y se transforman en agudos cr\u00edticos de la democracia pactada y la despolitizaci\u00f3n de los actores sociales. En materia de educaci\u00f3n superior \u2013bajo el reinado del Laguismo\u2013 la complacencia con la cobertura y las virtudes de la masificaci\u00f3n universitaria hasta el a\u00f1o 2010 era una cuesti\u00f3n indesmentible, despu\u00e9s sobrevino un simulacro inducido para tratar de capitalizar pol\u00edticamente los malestares del a\u00f1o 2011; en lo coyuntural el Mineduc y sus chascarros sobre la gratuidad. El cuestionamiento a la PSU como un filtro de clases (OCDE, 2008), cuya exclusi\u00f3n tiende a perpetuar los capitales culturales y la selectividad, no encontr\u00f3 mayor apreciaci\u00f3n en la elite pol\u00edtica. Un conjunto de indecisiones propias de un \u201cneoliberalismo de izquierdas\u201d que se propon\u00eda cercenar el mapa universitario con el inusitado \u201cofert\u00f3n\u201d de gratuidad universal. A poco andar la Presidenta del PS, <i>Allende sin Allende<\/i> \u2013\u00a1nobleza obliga!\u2013 expuso la necesidad de dosificar la aplicaci\u00f3n de la reforma educacional y emplaz\u00f3 a la opini\u00f3n p\u00fablica a mantener la tarea igualitaria como un horizonte \u00e9tico \u2013realismo mediante\u2013 y no exacerbar los esp\u00edritus del cambio.<\/p>\n<p style=\"text-align: justify;\" align=\"JUSTIFY\">Por m\u00e1s de dos d\u00e9cadas la izquierda chilena se ha restado a pensar otras formas de acci\u00f3n colectiva; la efectiva participaci\u00f3n ciudadana; la ampliaci\u00f3n de la iniciativa pol\u00edtica y la reelaboraci\u00f3n de las relaciones entre socialismo y mercado, etc. La frontera ideol\u00f3gica es una demarcaci\u00f3n utilitaria que es el expediente de turno para identificar al \u201csocialista indexado\u201d a la modernizaci\u00f3n (PS), o bien, el partido de la hoz y el martillo obstinado en obrar desde un diagn\u00f3stico similar al tiempo del Frente Popular (1938), que se mantiene aferrado a un insobornable conformismo burocr\u00e1tico (PC).<\/p>\n<p style=\"text-align: justify;\" align=\"JUSTIFY\">Incluso, si en plena transici\u00f3n quedaba alguna afecci\u00f3n con un tiempo de fracturas, es un dato de la causa que la \u201cconsciencia c\u00ednica\u201d se encuentra plenamente naturalizada en la racionalidad del ecoprogresismo. Finalmente, conviene recordar que toda comunidad herida tiende a la autovictimizaci\u00f3n: all\u00ed solo prima la denuncia, el testimonio y el resquemor pol\u00edtico. Frente a este paisaje pre\u00f1ado de incertidumbres podr\u00edamos retomar humor\u00edsticamente una pregunta ancestral: \u00bfqu\u00e9 hacer? Pero, a decir verdad \u2013ante esta crisis de narrativa y ausencia de cauces\u2013, es m\u00e1s saludable hablar desde el silencio.<\/p>\n<p style=\"text-align: justify;\" align=\"JUSTIFY\">Columna publicada <strong><a href=\"http:\/\/www.elmostrador.cl\/noticias\/opinion\/2016\/01\/15\/neoliberalismo-de-izquierdas-desolacion-y-hastio\/\" target=\"_blank\">15\/01\/2015 en El Mostrador<\/a><\/strong><\/p>\n<\/div>\n<\/div>\n","protected":false},"excerpt":{"rendered":"<p>Una vez que la \u201cizquierda chilena\u201d se encuentra a las puertas de una nueva bancarrota se ha corrido el velo ideol\u00f3gico de la \u201cdulzura\u201d y ello deja al descubierto la ausencia de convicciones genuinamente democr\u00e1ticas del ecoprogresismo. Podemos sostener que la \u201cciudadan\u00eda informada\u201d ha sido sometida a un escarnio de sus emociones colectivas (igualdad, justicia [&hellip;]<\/p>\n","protected":false},"author":22,"featured_media":893,"comment_status":"open","ping_status":"open","sticky":false,"template":"","format":"standard","meta":{"footnotes":""},"categories":[10162],"tags":[7374,11812,8088],"class_list":["post-1586","post","type-post","status-publish","format-standard","has-post-thumbnail","hentry","category-centro-en-la-prensa","tag-mauricio-bravo","tag-neoliberalismo","tag-politica"],"featured_image_url":"https:\/\/gobierno.udd.cl\/cpp\/files\/2015\/05\/udd_cpp_prensa_340.png","_links":{"self":[{"href":"https:\/\/gobierno.udd.cl\/cpp\/wp-json\/wp\/v2\/posts\/1586","targetHints":{"allow":["GET"]}}],"collection":[{"href":"https:\/\/gobierno.udd.cl\/cpp\/wp-json\/wp\/v2\/posts"}],"about":[{"href":"https:\/\/gobierno.udd.cl\/cpp\/wp-json\/wp\/v2\/types\/post"}],"author":[{"embeddable":true,"href":"https:\/\/gobierno.udd.cl\/cpp\/wp-json\/wp\/v2\/users\/22"}],"replies":[{"embeddable":true,"href":"https:\/\/gobierno.udd.cl\/cpp\/wp-json\/wp\/v2\/comments?post=1586"}],"version-history":[{"count":2,"href":"https:\/\/gobierno.udd.cl\/cpp\/wp-json\/wp\/v2\/posts\/1586\/revisions"}],"predecessor-version":[{"id":1588,"href":"https:\/\/gobierno.udd.cl\/cpp\/wp-json\/wp\/v2\/posts\/1586\/revisions\/1588"}],"wp:featuredmedia":[{"embeddable":true,"href":"https:\/\/gobierno.udd.cl\/cpp\/wp-json\/wp\/v2\/media\/893"}],"wp:attachment":[{"href":"https:\/\/gobierno.udd.cl\/cpp\/wp-json\/wp\/v2\/media?parent=1586"}],"wp:term":[{"taxonomy":"category","embeddable":true,"href":"https:\/\/gobierno.udd.cl\/cpp\/wp-json\/wp\/v2\/categories?post=1586"},{"taxonomy":"post_tag","embeddable":true,"href":"https:\/\/gobierno.udd.cl\/cpp\/wp-json\/wp\/v2\/tags?post=1586"}],"curies":[{"name":"wp","href":"https:\/\/api.w.org\/{rel}","templated":true}]}}