{"id":1567,"date":"2016-01-15T12:06:17","date_gmt":"2016-01-15T15:06:17","guid":{"rendered":"http:\/\/gobierno.udd.cl\/cpp\/?p=1567"},"modified":"2016-01-15T12:42:00","modified_gmt":"2016-01-15T15:42:00","slug":"panel-de-conversacion-cpp-actualidad-y-politica-energetica-al-2015-con-maximo-pacheco-video","status":"publish","type":"post","link":"https:\/\/gobierno.udd.cl\/cpp\/noticias\/2016\/01\/15\/panel-de-conversacion-cpp-actualidad-y-politica-energetica-al-2015-con-maximo-pacheco-video\/","title":{"rendered":"Panel de Conversaci\u00f3n CPP: actualidad y pol\u00edtica energ\u00e9tica al 2015 con M\u00e1ximo Pacheco (Video)"},"content":{"rendered":"<p><iframe loading=\"lazy\" src=\"https:\/\/www.youtube.com\/embed\/h_pgCY8pDmA\" height=\"360\" width=\"640\" allowfullscreen=\"\" frameborder=\"0\"><\/iframe><\/p>\n<div><\/div>\n<p style=\"text-align: justify;\">El Centro de Pol\u00edticas P\u00fablicas de la Facultad de Gobierno organiz\u00f3 un seminario en el cual el ministro de Energ\u00eda, M\u00e1ximo Pacheco, expuso los puntos centrales de la <strong><a href=\"http:\/\/www.energia2050.cl\/uploads\/libros\/hojaderuta.pdf\" target=\"_blank\">Agenda de Energ\u00eda<\/a><\/strong> del gobierno de Michelle Bachelet.<\/p>\n<p style=\"text-align: justify;\">Seg\u00fan el ministro Pacheco, la Agenda ha logrado durante el 2015 reducir el costo marginal en un 40%. Explic\u00f3 que los mercados libres de energ\u00eda son por v\u00eda de contratos los que se ven afectados directamente por los costos marginales. Tambi\u00e9n abord\u00f3 los mercados regulados, donde las generadoras le ofrecen energ\u00eda a las distribuidoras. En este contexto, el a\u00f1o 2015 se presentaron 29 ofertas, y se ha sobre cumplido la meta, principalmente por el cambio de las bases de licitaci\u00f3n, incorporando nuevos plazos, horarios y actores, segmentando el mercado a otras fuentes energ\u00e9ticas. Frente al \u201cfrenazo\u201d de inversi\u00f3n, abord\u00f3 que los avances en la materia y sus efectos en nuevas fuentes de energ\u00eda: e\u00f3lica y solar. El 100% de las nuevas licitaciones son empresas nuevas y ninguna incumbente. Mencion\u00f3 tambi\u00e9n c\u00f3mo se ha avanzado en la construcci\u00f3n de Minihidros y c\u00f3mo el <i>pipeline<\/i> de proyectos <strong><a href=\"http:\/\/www.sea.gob.cl\/\" target=\"_blank\">SEA <\/a><\/strong>hoy es muy robusto. \u00a0Respecto del Sistema de estabilizaci\u00f3n de Precios queda mucho por hacer y, si bien el <strong><a href=\"http:\/\/www.hacienda.cl\/el-ministerio\/mepco\/informe-semanal.html\" target=\"_blank\">MEPCO<\/a><\/strong> est\u00e1 funcionando, ha sido lento. \u00a0Tambi\u00e9n expuso el rol de Enap como actor, lo que ya se manifiesta en el EBDITA 2015 de la empresa de m\u00e1s de 700 millones de d\u00f3lares. Cerr\u00f3 mencionando en qu\u00e9 consisti\u00f3 el dise\u00f1o de la pol\u00edtica de estado 2050, la que cont\u00f3 con la amplia participaci\u00f3n de todos los actores, agregando tres reflexiones sobre el aprendizaje que signific\u00f3 este a\u00f1o 2015. Se han superado las metas y se ha creado una oficina de gesti\u00f3n de proyectos que ha significado mejoramiento en la gesti\u00f3n y resultados, todo acompa\u00f1ado de un mejoramiento comunicacional: comunicar \u201cfuera de la caja\u201d.<\/p>\n<p style=\"text-align: justify;\">El video contiene el siguiente \u00edndice:<\/p>\n<p>0:20 Inicio Francisca Dussaillant<\/p>\n<p>2:37 Primeras palabras M\u00e1ximo Pacheco<\/p>\n<p>4:50 Pol\u00edtica energ\u00e9tica: gesti\u00f3n y agenda energ\u00eda.<\/p>\n<p>5:45 Primera meta de la Agenda: reducir 30% costo marginal.<\/p>\n<p>8:00 Segunda meta: reducir en un 25% los precios de las licitaciones del mercado regulado.<\/p>\n<p>14:07 Tercera meta: impulsar la inversi\u00f3n y energ\u00edas renovables.<\/p>\n<p>22:00 Minihidros<\/p>\n<p>25:05 Cuarta meta: bajar precios.<\/p>\n<p>29:45 Demanda energ\u00e9tica y nuevo horario<\/p>\n<p>30:45 Quinta meta: Sistema de estabilizaci\u00f3n de precios<\/p>\n<p>31:40 Sexta meta: ENAP<\/p>\n<p>34:45 Programa de energ\u00eda largo plazo 2050<\/p>\n<p>36:60 Reflexiones finales 2015<\/p>\n<p>41:30 Fin.<\/p>\n<p><b>Preguntas<\/b><\/p>\n<p>42:30 Pregunta Francisca Dussaillant.<\/p>\n<p>43:15 Matriz energ\u00e9tica 2050.<\/p>\n<p>47:00 Importancia del rol del Estado en la pol\u00edtica energ\u00e9tica.<\/p>\n<p>51:00 Rol de las comunidades y la asociatividad (caso neozeland\u00e9s)<\/p>\n<p>58:10 Energ\u00eda nuclear<\/p>\n<p>100:00 Integraci\u00f3n energ\u00e9tica internacional.<\/p>\n<p>106:50 Seguridad energ\u00e9tica.<\/p>\n<p>111:00 Preguntas finales.<\/p>\n<p>115:00 Metering<\/p>\n","protected":false},"excerpt":{"rendered":"<p>En el marco del Conversatorio \u201cLos desaf\u00edos energ\u00e9ticos de Chile\u201d organizado por el Centro de Pol\u00edticas P\u00fablicas de la UDD el ministro de Energ\u00eda, M\u00e1ximo Pacheco, repas\u00f3 los principales puntos de la Agenda de Energ\u00eda.<\/p>\n","protected":false},"author":22,"featured_media":1576,"comment_status":"open","ping_status":"open","sticky":false,"template":"","format":"standard","meta":{"footnotes":""},"categories":[4],"tags":[11810,11824,8541,11806,4176],"class_list":["post-1567","post","type-post","status-publish","format-standard","has-post-thumbnail","hentry","category-noticias","tag-agenda-2050","tag-cpp","tag-energia","tag-maximo-pacheco","tag-udd"],"featured_image_url":"https:\/\/gobierno.udd.cl\/cpp\/files\/2016\/01\/Pacheco_destacada.jpg","_links":{"self":[{"href":"https:\/\/gobierno.udd.cl\/cpp\/wp-json\/wp\/v2\/posts\/1567","targetHints":{"allow":["GET"]}}],"collection":[{"href":"https:\/\/gobierno.udd.cl\/cpp\/wp-json\/wp\/v2\/posts"}],"about":[{"href":"https:\/\/gobierno.udd.cl\/cpp\/wp-json\/wp\/v2\/types\/post"}],"author":[{"embeddable":true,"href":"https:\/\/gobierno.udd.cl\/cpp\/wp-json\/wp\/v2\/users\/22"}],"replies":[{"embeddable":true,"href":"https:\/\/gobierno.udd.cl\/cpp\/wp-json\/wp\/v2\/comments?post=1567"}],"version-history":[{"count":10,"href":"https:\/\/gobierno.udd.cl\/cpp\/wp-json\/wp\/v2\/posts\/1567\/revisions"}],"predecessor-version":[{"id":1581,"href":"https:\/\/gobierno.udd.cl\/cpp\/wp-json\/wp\/v2\/posts\/1567\/revisions\/1581"}],"wp:featuredmedia":[{"embeddable":true,"href":"https:\/\/gobierno.udd.cl\/cpp\/wp-json\/wp\/v2\/media\/1576"}],"wp:attachment":[{"href":"https:\/\/gobierno.udd.cl\/cpp\/wp-json\/wp\/v2\/media?parent=1567"}],"wp:term":[{"taxonomy":"category","embeddable":true,"href":"https:\/\/gobierno.udd.cl\/cpp\/wp-json\/wp\/v2\/categories?post=1567"},{"taxonomy":"post_tag","embeddable":true,"href":"https:\/\/gobierno.udd.cl\/cpp\/wp-json\/wp\/v2\/tags?post=1567"}],"curies":[{"name":"wp","href":"https:\/\/api.w.org\/{rel}","templated":true}]}}