{"id":1565,"date":"2016-01-13T07:39:02","date_gmt":"2016-01-13T10:39:02","guid":{"rendered":"http:\/\/gobierno.udd.cl\/cpp\/?p=1565"},"modified":"2016-01-13T07:39:02","modified_gmt":"2016-01-13T10:39:02","slug":"ministro-pacheco-asegura-que-metas-de-la-agenda-de-energia-se-han-sobre-cumplido","status":"publish","type":"post","link":"https:\/\/gobierno.udd.cl\/cpp\/noticias\/2016\/01\/13\/ministro-pacheco-asegura-que-metas-de-la-agenda-de-energia-se-han-sobre-cumplido\/","title":{"rendered":"Ministro Pacheco asegura que metas de la Agenda de Energ\u00eda se han sobre cumplido"},"content":{"rendered":"<p style=\"text-align: justify;\">En el marco del Conversatorio \u201cLos desaf\u00edos energ\u00e9ticos de Chile\u201d organizado por el Centro de Pol\u00edticas P\u00fablicas de la Universidad del Desarrollo, el ministro de Energ\u00eda, M\u00e1ximo Pacheco, realiz\u00f3 un repaso por los principales objetivos de la Agenda de Energ\u00eda detallando que las \u201cmetas se han sobre cumplido. A cada una les pusimos plazos, responsables y recursos y las gestionamos como si fueran proyectos. Al final la gente mide por resultados y no solo por buenas ideas\u201d.<\/p>\n<p style=\"text-align: justify;\">Sobre el tema de <strong>generaci\u00f3n distribuida y ley de net metering<\/strong>, el ministro detall\u00f3 que actualmente hay 130 hogares que se han acogido a este sistema transform\u00e1ndose en consumidores y productores, reconociendo que \u201cno ha prendido tan r\u00e1pido\u201d. La autoridad explic\u00f3, que tal como se ha dado a nivel internacional, existe un periodo, donde la tasa de crecimiento se mantiene muy baja, sin embargo esto se deber\u00eda revertir con el tiempo, adem\u00e1s expres\u00f3 que \u201clas distribuidoras no est\u00e1n promoviendo el tema todo lo que debieran\u201d.<\/p>\n<p style=\"text-align: justify;\">En cuanto a <strong>transmisi\u00f3n de energ\u00eda<\/strong>, la autoridad asegur\u00f3 que este es el principal tema de preocupaci\u00f3n en el Ministerio ya que \u201cuna de las grandes barreras de entrada son las l\u00edneas de transmisi\u00f3n y si queremos hacer generaci\u00f3n distribuida, que acerque la generaci\u00f3n al consumo se requiere acceso a l\u00edneas. En este sentido es clave el proyecto de ley que aborda este tema, el cual est\u00e1 avanzando\u201d.<\/p>\n<p style=\"text-align: justify;\">Sobre la posibilidad de concretar <strong>grandes hidroel\u00e9ctricas<\/strong>, el ministro asegur\u00f3 que \u201cno vamos a definir la escala de los proyectos, estos tienen que cumplir con los requisitos ambientales y con la relaci\u00f3n temprana con la comunidad. El gran desaf\u00edo es mejorar la gesti\u00f3n social, para que los proyectos de energ\u00eda vayan de la mano con proyectos tur\u00edsticos, ganaderos, etc\u201d, agregando que si se observan experiencias internacionales, \u201cla asociatividad entre comunidades y empresas es la que ha permitido destrabar los problemas\u201d.<\/p>\n<p style=\"text-align: justify;\">Ver nota completa publicada en<strong><a href=\"http:\/\/www.revistaei.cl\/2016\/01\/12\/ministro-pacheco-asegura-que-metas-de-la-agenda-de-energia-se-han-sobre-cumplido\/\" target=\"_blank\"> Electricidad 12\/01\/2015<\/a><\/strong><\/p>\n","protected":false},"excerpt":{"rendered":"<p>En un encuentro efectuado en la Universidad del Desarrollo, la autoridad ministerial tambi\u00e9n se\u00f1al\u00f3 que las distribuidoras no est\u00e1n promoviendo la ley de net metering todo lo que debieran.<\/p>\n","protected":false},"author":22,"featured_media":893,"comment_status":"open","ping_status":"open","sticky":false,"template":"","format":"standard","meta":{"footnotes":""},"categories":[10162],"tags":[11808,11807,11806,8542],"class_list":["post-1565","post","type-post","status-publish","format-standard","has-post-thumbnail","hentry","category-centro-en-la-prensa","tag-agenda-de-energia","tag-electricidad","tag-maximo-pacheco","tag-politica-energetica"],"featured_image_url":"https:\/\/gobierno.udd.cl\/cpp\/files\/2015\/05\/udd_cpp_prensa_340.png","_links":{"self":[{"href":"https:\/\/gobierno.udd.cl\/cpp\/wp-json\/wp\/v2\/posts\/1565","targetHints":{"allow":["GET"]}}],"collection":[{"href":"https:\/\/gobierno.udd.cl\/cpp\/wp-json\/wp\/v2\/posts"}],"about":[{"href":"https:\/\/gobierno.udd.cl\/cpp\/wp-json\/wp\/v2\/types\/post"}],"author":[{"embeddable":true,"href":"https:\/\/gobierno.udd.cl\/cpp\/wp-json\/wp\/v2\/users\/22"}],"replies":[{"embeddable":true,"href":"https:\/\/gobierno.udd.cl\/cpp\/wp-json\/wp\/v2\/comments?post=1565"}],"version-history":[{"count":1,"href":"https:\/\/gobierno.udd.cl\/cpp\/wp-json\/wp\/v2\/posts\/1565\/revisions"}],"predecessor-version":[{"id":1566,"href":"https:\/\/gobierno.udd.cl\/cpp\/wp-json\/wp\/v2\/posts\/1565\/revisions\/1566"}],"wp:featuredmedia":[{"embeddable":true,"href":"https:\/\/gobierno.udd.cl\/cpp\/wp-json\/wp\/v2\/media\/893"}],"wp:attachment":[{"href":"https:\/\/gobierno.udd.cl\/cpp\/wp-json\/wp\/v2\/media?parent=1565"}],"wp:term":[{"taxonomy":"category","embeddable":true,"href":"https:\/\/gobierno.udd.cl\/cpp\/wp-json\/wp\/v2\/categories?post=1565"},{"taxonomy":"post_tag","embeddable":true,"href":"https:\/\/gobierno.udd.cl\/cpp\/wp-json\/wp\/v2\/tags?post=1565"}],"curies":[{"name":"wp","href":"https:\/\/api.w.org\/{rel}","templated":true}]}}