{"id":1552,"date":"2016-01-05T08:59:23","date_gmt":"2016-01-05T11:59:23","guid":{"rendered":"http:\/\/gobierno.udd.cl\/cpp\/?p=1552"},"modified":"2016-01-05T08:59:38","modified_gmt":"2016-01-05T11:59:38","slug":"analisis-politico-del-2015-con-eugenio-guzman-en-via-publica-de-tvn","status":"publish","type":"post","link":"https:\/\/gobierno.udd.cl\/cpp\/noticias\/2016\/01\/05\/analisis-politico-del-2015-con-eugenio-guzman-en-via-publica-de-tvn\/","title":{"rendered":"An\u00e1lisis pol\u00edtico del 2015 con Eugenio Guzm\u00e1n en V\u00eda P\u00fablica de TVN"},"content":{"rendered":"<p style=\"text-align: justify;\">En el programa de Jos\u00e9 Manuel Astorga conversaron los panelistas\u00a0Eugenio Guzm\u00e1n, decano Facultad de Gobierno de la Universidad del Desarrollo, Martas Lagos, fundadora de Latinobar\u00f3metro y MORI Chile, Gloria de la Fuente, directora programa pol\u00edtico Chile 21 y Alex Olivares, presidente de Ciudadanos.<\/p>\n<p style=\"text-align: justify;\">Entre los temas que se tocaron:<\/p>\n<p style=\"text-align: justify;\">-Ministro del Interior Jorge Burgos se enter\u00f3 por revista Qu\u00e9 Pasa del viaje de Bachelet a la Araucan\u00eda.<\/p>\n<p style=\"text-align: justify;\">&#8211; Caso de atentados en la Araucan\u00eda.<\/p>\n<p style=\"text-align: justify;\">Revisar programa:<\/p>\n<p style=\"text-align: justify;\"><strong><a href=\"http:\/\/map.conectamedia.cl\/index.php\/clippingNews\/view?id=238853&amp;email=5120&amp;fromemail=1\" target=\"_blank\">Parte I<\/a><\/strong><\/p>\n<p style=\"text-align: justify;\"><strong><a href=\"http:\/\/map.conectamedia.cl\/index.php\/clippingNews\/view?id=238856&amp;email=5120&amp;fromemail=1\" target=\"_blank\">Parte II<\/a><\/strong><\/p>\n","protected":false},"excerpt":{"rendered":"<p>En el programa de Jos\u00e9 Manuel Astorga conversaron los panelistas\u00a0Eugenio Guzm\u00e1n, decano Facultad de Gobierno de la Universidad del Desarrollo, Martas Lagos, fundadora de Latinobar\u00f3metro y MORI Chile, Gloria de la Fuente, directora programa pol\u00edtico Chile 21 y Alex Olivares, presidente de Ciudadanos. Entre los temas que se tocaron: -Ministro del Interior Jorge Burgos se [&hellip;]<\/p>\n","protected":false},"author":22,"featured_media":893,"comment_status":"open","ping_status":"open","sticky":false,"template":"","format":"standard","meta":{"footnotes":""},"categories":[10162],"tags":[10883,7380,9928,11800],"class_list":["post-1552","post","type-post","status-publish","format-standard","has-post-thumbnail","hentry","category-centro-en-la-prensa","tag-analisis-politico","tag-eugenio-guzman","tag-tvn","tag-via-publica"],"featured_image_url":"https:\/\/gobierno.udd.cl\/cpp\/files\/2015\/05\/udd_cpp_prensa_340.png","_links":{"self":[{"href":"https:\/\/gobierno.udd.cl\/cpp\/wp-json\/wp\/v2\/posts\/1552","targetHints":{"allow":["GET"]}}],"collection":[{"href":"https:\/\/gobierno.udd.cl\/cpp\/wp-json\/wp\/v2\/posts"}],"about":[{"href":"https:\/\/gobierno.udd.cl\/cpp\/wp-json\/wp\/v2\/types\/post"}],"author":[{"embeddable":true,"href":"https:\/\/gobierno.udd.cl\/cpp\/wp-json\/wp\/v2\/users\/22"}],"replies":[{"embeddable":true,"href":"https:\/\/gobierno.udd.cl\/cpp\/wp-json\/wp\/v2\/comments?post=1552"}],"version-history":[{"count":2,"href":"https:\/\/gobierno.udd.cl\/cpp\/wp-json\/wp\/v2\/posts\/1552\/revisions"}],"predecessor-version":[{"id":1554,"href":"https:\/\/gobierno.udd.cl\/cpp\/wp-json\/wp\/v2\/posts\/1552\/revisions\/1554"}],"wp:featuredmedia":[{"embeddable":true,"href":"https:\/\/gobierno.udd.cl\/cpp\/wp-json\/wp\/v2\/media\/893"}],"wp:attachment":[{"href":"https:\/\/gobierno.udd.cl\/cpp\/wp-json\/wp\/v2\/media?parent=1552"}],"wp:term":[{"taxonomy":"category","embeddable":true,"href":"https:\/\/gobierno.udd.cl\/cpp\/wp-json\/wp\/v2\/categories?post=1552"},{"taxonomy":"post_tag","embeddable":true,"href":"https:\/\/gobierno.udd.cl\/cpp\/wp-json\/wp\/v2\/tags?post=1552"}],"curies":[{"name":"wp","href":"https:\/\/api.w.org\/{rel}","templated":true}]}}