{"id":1534,"date":"2015-12-29T11:22:10","date_gmt":"2015-12-29T14:22:10","guid":{"rendered":"http:\/\/gobierno.udd.cl\/cpp\/?p=1534"},"modified":"2015-12-29T12:32:57","modified_gmt":"2015-12-29T15:32:57","slug":"lucas-palacios-en-radio-futuro","status":"publish","type":"post","link":"https:\/\/gobierno.udd.cl\/cpp\/noticias\/2015\/12\/29\/lucas-palacios-en-radio-futuro\/","title":{"rendered":"Lucas Palacios en Radio Futuro"},"content":{"rendered":"<p>En Radio Futuro los panelistas\u00a0Laura Albornoz, acad\u00e9mica y abogada U. de Chile, Lucas Palacios, acad\u00e9mico Universidad del Desarrollo y Robert Funk, acad\u00e9mico U. de Chile.<\/p>\n<p>Para escuchar el audio revisar:<\/p>\n<p><strong><a href=\"http:\/\/map.conectamedia.cl\/index.php\/clippingNews\/view?id=231008&amp;email=4983&amp;fromemail=1\" target=\"_blank\">Parte I<\/a><\/strong><\/p>\n<p><strong><a href=\"http:\/\/map.conectamedia.cl\/index.php\/clippingNews\/view?id=231009&amp;email=4983&amp;fromemail=1\" target=\"_blank\">Parte II<\/a><\/strong><\/p>\n<p><strong><a href=\"http:\/\/map.conectamedia.cl\/index.php\/clippingNews\/view?id=231010&amp;email=4983&amp;fromemail=1\" target=\"_blank\">Parte III<\/a><\/strong><\/p>\n","protected":false},"excerpt":{"rendered":"<p>En Radio Futuro los panelistas\u00a0Laura Albornoz, acad\u00e9mica y abogada U. de Chile, Lucas Palacios, acad\u00e9mico Universidad del Desarrollo y Robert Funk, acad\u00e9mico U. de Chile. Para escuchar el audio revisar: Parte I Parte II Parte III<\/p>\n","protected":false},"author":22,"featured_media":893,"comment_status":"open","ping_status":"open","sticky":false,"template":"","format":"standard","meta":{"footnotes":""},"categories":[10162],"tags":[],"class_list":["post-1534","post","type-post","status-publish","format-standard","has-post-thumbnail","hentry","category-centro-en-la-prensa"],"featured_image_url":"https:\/\/gobierno.udd.cl\/cpp\/files\/2015\/05\/udd_cpp_prensa_340.png","_links":{"self":[{"href":"https:\/\/gobierno.udd.cl\/cpp\/wp-json\/wp\/v2\/posts\/1534","targetHints":{"allow":["GET"]}}],"collection":[{"href":"https:\/\/gobierno.udd.cl\/cpp\/wp-json\/wp\/v2\/posts"}],"about":[{"href":"https:\/\/gobierno.udd.cl\/cpp\/wp-json\/wp\/v2\/types\/post"}],"author":[{"embeddable":true,"href":"https:\/\/gobierno.udd.cl\/cpp\/wp-json\/wp\/v2\/users\/22"}],"replies":[{"embeddable":true,"href":"https:\/\/gobierno.udd.cl\/cpp\/wp-json\/wp\/v2\/comments?post=1534"}],"version-history":[{"count":3,"href":"https:\/\/gobierno.udd.cl\/cpp\/wp-json\/wp\/v2\/posts\/1534\/revisions"}],"predecessor-version":[{"id":1537,"href":"https:\/\/gobierno.udd.cl\/cpp\/wp-json\/wp\/v2\/posts\/1534\/revisions\/1537"}],"wp:featuredmedia":[{"embeddable":true,"href":"https:\/\/gobierno.udd.cl\/cpp\/wp-json\/wp\/v2\/media\/893"}],"wp:attachment":[{"href":"https:\/\/gobierno.udd.cl\/cpp\/wp-json\/wp\/v2\/media?parent=1534"}],"wp:term":[{"taxonomy":"category","embeddable":true,"href":"https:\/\/gobierno.udd.cl\/cpp\/wp-json\/wp\/v2\/categories?post=1534"},{"taxonomy":"post_tag","embeddable":true,"href":"https:\/\/gobierno.udd.cl\/cpp\/wp-json\/wp\/v2\/tags?post=1534"}],"curies":[{"name":"wp","href":"https:\/\/api.w.org\/{rel}","templated":true}]}}