{"id":1530,"date":"2015-12-29T11:05:40","date_gmt":"2015-12-29T14:05:40","guid":{"rendered":"http:\/\/gobierno.udd.cl\/cpp\/?p=1530"},"modified":"2015-12-29T12:41:49","modified_gmt":"2015-12-29T15:41:49","slug":"revisa-nuestro-estudio-de-opinion-udd-diario-el-sur","status":"publish","type":"post","link":"https:\/\/gobierno.udd.cl\/cpp\/noticias\/2015\/12\/29\/revisa-nuestro-estudio-de-opinion-udd-diario-el-sur\/","title":{"rendered":"Revisa nuestro estudio de opini\u00f3n UDD-Diario El Sur"},"content":{"rendered":"<div style=\"text-align: justify;\"><a href=\"http:\/\/gobierno.udd.cl\/cpp\/files\/2015\/12\/Destacada-UDD-El-Sur-Diciembre-2015-1.jpg\"><img loading=\"lazy\" decoding=\"async\" class=\"alignnone size-medium wp-image-1532\" alt=\"Destacada UDD El Sur Diciembre 2015-1\" src=\"http:\/\/gobierno.udd.cl\/cpp\/files\/2015\/12\/Destacada-UDD-El-Sur-Diciembre-2015-1-300x196.jpg\" width=\"300\" height=\"196\" srcset=\"https:\/\/gobierno.udd.cl\/cpp\/files\/2015\/12\/Destacada-UDD-El-Sur-Diciembre-2015-1-300x196.jpg 300w, https:\/\/gobierno.udd.cl\/cpp\/files\/2015\/12\/Destacada-UDD-El-Sur-Diciembre-2015-1-660x430.jpg 660w, https:\/\/gobierno.udd.cl\/cpp\/files\/2015\/12\/Destacada-UDD-El-Sur-Diciembre-2015-1.jpg 770w\" sizes=\"auto, (max-width: 300px) 100vw, 300px\" \/><\/a><\/div>\n<div style=\"text-align: justify;\"><\/div>\n<div style=\"text-align: justify;\">Encuesta de terreno con una muestra de 505 casos realizada en 5 comunas de la Regi\u00f3n del B\u00edo B\u00edo, Concepci\u00f3n, Talcahuano, Hualp\u00e9n, Chiguayante y San Pedro de la Paz,<\/div>\n<div style=\"text-align: justify;\">Entrevistas realizadas entre el 19 y 20 de Diciembre de 2015.<\/div>\n<div style=\"text-align: justify;\"><\/div>\n<div style=\"text-align: justify;\">\n<p>\u00bfEst\u00e1 de acuerdo con que los actuales alcaldes tengan la primera opci\u00f3n como candidatos para optar a una\u00a0repostulaci\u00f3n, en las elecciones municipales de 2016 o cree que se deber\u00edan priorizar nuevos nombres?<\/p>\n<p>Descargue la\u00a0<strong><a href=\"http:\/\/gobierno.udd.cl\/cpp\/files\/2015\/12\/Encuesta-UDD-El-Sur-Diciembre-2015.pdf\">Encuesta UDD El Sur Diciembre 2015<\/a><\/strong><\/p>\n<\/div>\n","protected":false},"excerpt":{"rendered":"<p>Dos de cada tres personas creen que se debe priorizar nuevos nombres para las municipales del 2016 <\/p>\n","protected":false},"author":22,"featured_media":1532,"comment_status":"open","ping_status":"open","sticky":false,"template":"","format":"standard","meta":{"footnotes":""},"categories":[4],"tags":[],"class_list":["post-1530","post","type-post","status-publish","format-standard","has-post-thumbnail","hentry","category-noticias"],"featured_image_url":"https:\/\/gobierno.udd.cl\/cpp\/files\/2015\/12\/Destacada-UDD-El-Sur-Diciembre-2015-1.jpg","_links":{"self":[{"href":"https:\/\/gobierno.udd.cl\/cpp\/wp-json\/wp\/v2\/posts\/1530","targetHints":{"allow":["GET"]}}],"collection":[{"href":"https:\/\/gobierno.udd.cl\/cpp\/wp-json\/wp\/v2\/posts"}],"about":[{"href":"https:\/\/gobierno.udd.cl\/cpp\/wp-json\/wp\/v2\/types\/post"}],"author":[{"embeddable":true,"href":"https:\/\/gobierno.udd.cl\/cpp\/wp-json\/wp\/v2\/users\/22"}],"replies":[{"embeddable":true,"href":"https:\/\/gobierno.udd.cl\/cpp\/wp-json\/wp\/v2\/comments?post=1530"}],"version-history":[{"count":4,"href":"https:\/\/gobierno.udd.cl\/cpp\/wp-json\/wp\/v2\/posts\/1530\/revisions"}],"predecessor-version":[{"id":1539,"href":"https:\/\/gobierno.udd.cl\/cpp\/wp-json\/wp\/v2\/posts\/1530\/revisions\/1539"}],"wp:featuredmedia":[{"embeddable":true,"href":"https:\/\/gobierno.udd.cl\/cpp\/wp-json\/wp\/v2\/media\/1532"}],"wp:attachment":[{"href":"https:\/\/gobierno.udd.cl\/cpp\/wp-json\/wp\/v2\/media?parent=1530"}],"wp:term":[{"taxonomy":"category","embeddable":true,"href":"https:\/\/gobierno.udd.cl\/cpp\/wp-json\/wp\/v2\/categories?post=1530"},{"taxonomy":"post_tag","embeddable":true,"href":"https:\/\/gobierno.udd.cl\/cpp\/wp-json\/wp\/v2\/tags?post=1530"}],"curies":[{"name":"wp","href":"https:\/\/api.w.org\/{rel}","templated":true}]}}