{"id":1517,"date":"2015-12-15T11:38:25","date_gmt":"2015-12-15T14:38:25","guid":{"rendered":"http:\/\/gobierno.udd.cl\/cpp\/?p=1517"},"modified":"2015-12-15T11:38:25","modified_gmt":"2015-12-15T14:38:25","slug":"entrevista-cristian-larroulet-el-ministro-de-hacienda-va-tener-que-sincerar-mucho-mas-las-cifras-fiscales","status":"publish","type":"post","link":"https:\/\/gobierno.udd.cl\/cpp\/noticias\/2015\/12\/15\/entrevista-cristian-larroulet-el-ministro-de-hacienda-va-tener-que-sincerar-mucho-mas-las-cifras-fiscales\/","title":{"rendered":"Entrevista Cristi\u00e1n Larroulet: \u00abEl ministro de Hacienda va a tener que sincerar mucho m\u00e1s las cifras fiscales\u00bb"},"content":{"rendered":"<p style=\"text-align: justify;\">Una visi\u00f3n preocupante del pa\u00eds, que se podr\u00eda tornar peor si no se hacen cambios, es que la que entreg\u00f3 el ex ministro de Estado Cristi\u00e1n Larroulet, hoy director del Instituto de Emprendimiento de la Universidad del Desarrollo, quien convers\u00f3 con este medio sobre la situaci\u00f3n econ\u00f3mica actual, los errores que ha cometido el Gobierno y la falta de autonom\u00eda que vive la Regi\u00f3n del Biob\u00edo. El tambi\u00e9n mag\u00edster en Econom\u00eda de la Universidad de Chicago e ingeniero comercial de la Universidad Cat\u00f3lica indic\u00f3 que hay un proceso global de deterioro, fundamentalmente de China, que lidera el proceso. Esa situaci\u00f3n es m\u00e1s mala de lo que las cifras oficiales del gigante asi\u00e1tico muestran. Por el lado internacional, se\u00f1al\u00f3 que se est\u00e1n viendo problemas, pero Europa est\u00e1 mejor.<\/p>\n<p style=\"text-align: justify;\">\u00abEstamos en un momento en que la econom\u00eda global no es todo lo potente que lleg\u00f3 a ser en su momento. El crecimiento mundial est\u00e1 en torno al 3,3%. Claramente se ha echado a perder el contexto internacional en los pa\u00edses emergentes, con un precio del cobre malo y a esta realidad se est\u00e1 sumando una situaci\u00f3n dom\u00e9stica. Parte importante de que la econom\u00eda chilena haya pasado de un crecimiento de 5 a 5,3% a 2%, que es la tasa proyectada para este a\u00f1o y el venidero, se debe a las pol\u00edticas implementadas.<\/p>\n<p style=\"text-align: justify;\"><strong>REFORMAS <\/strong><\/p>\n<p style=\"text-align: justify;\">En este contexto se refiri\u00f3 a la reforma tributaria, que gener\u00f3 desconfianza, el proyecto laboral, que se est\u00e1 discutiendo, y la iniciativa de ley en educaci\u00f3n, \u00abque son todos malos\u00bb, dijo. \u00abPero agrego una se\u00f1al que es muy mala, que podr\u00eda ser corregida, que es la de la reforma constitucional. Yo creo que la idea de cambiar la carta fundamental genera incertidumbre. Hay que pensar que la econom\u00eda se maneja en forma relevante por expectativas, por percepciones, por creencias y \u00e9stas se han deteriorado\u00bb. Cuando por ejemplo, sostuvo, que en la Constituci\u00f3n se est\u00e9 analizando la opci\u00f3n de cambiar el concepto del derecho de propiedad \u00abeso es un mazazo en contra de la inversi\u00f3n. Ya llevamos 20 meses con tasas de inversi\u00f3n negativa, tenemos una situaci\u00f3n donde los indicadores de confianza que medimos en la UDD muestran una situaci\u00f3n negativa, sin mejoramiento&#8230; est\u00e1 estabilizado en el \u00faltimo tiempo, pero no pasa a rangos optimistas\u00bb. Por ende, el ambiente dom\u00e9stico es malo y, por otro lado, se agrava por el valor del metal rojo y el ambiente internacional. Advirti\u00f3 que es probable que haya un alza de tasas por parte de la Reserva Federal de EE.UU., lo que significa que habr\u00e1 menor atracci\u00f3n de capitales en las econom\u00edas emergentes, pues se quedan en los pa\u00edses desarrollados. Ante eso dijo que hay que sincerar las cosas: no se ve un futuro muy promisorio en materia de actividad econ\u00f3mica.<\/p>\n<p style=\"text-align: justify;\">Por eso, Larroulet apunt\u00f3 que hay que hacer dos cosas. La primera en el plano interno y para esto hay que recuperar confianzas y el deterioro de \u00e9stas est\u00e1 asociado a las reformas. \u00abEntonces, hay que corregirlas y detener las que da\u00f1an las confianzas. Por ejemplo, hay una oportunidad ahora que es la reforma a la reforma tributaria. Lo que se debe hacer es mejorar la estructura en dos sentidos, primero en simplificar y segundo en alentar la inversi\u00f3n\u00bb, apunt\u00f3. Cit\u00f3, a modo de ejemplo, que en vez de tener un sistema semiintegrado, se pase a un full integrado, como el que existe hoy. Con esto se recuperar\u00eda la confianza, se incentivar\u00eda la inversi\u00f3n y, por ende, habr\u00eda un punto m\u00e1s de crecimiento en el futuro, que ser\u00eda muy importante para el pa\u00eds. La segunda idea que plante\u00f3 el ex secretario de Estado es aclarar que la reforma constitucional no va a tocar variables econ\u00f3micas. Pero plante\u00f3 otro camino, que es enfrentar el escenario externo. Y dijo que es necesario manejarse con mucho rigor en el tema macroecon\u00f3mico, que implica respaldar las acciones que lleva adelante el Banco Central para controlar la inflaci\u00f3n. En eso, destac\u00f3, el Gobierno lo ha hecho y nadie duda de eso, pero lo m\u00e1s delicado es que se han deteriorado fuertemente las cuentas fiscales.<\/p>\n<p style=\"text-align: justify;\">Seg\u00fan el ex ministro secretario general de la Presidencia en el gobierno de Sebasti\u00e1n Pi\u00f1era, no se est\u00e1 haciendo frente, con la profundidad que se requiere, a este tema. \u00abVamos a terminar este a\u00f1o con un d\u00e9ficit efectivo sobre 3% del PIB. Seg\u00fan los n\u00fameros que estamos teniendo, las proyecciones estructurales no son las correctas. Se ha deteriorado m\u00e1s la econom\u00eda externa, por lo tanto, el d\u00e9ficit fiscal efectivo del pr\u00f3ximo a\u00f1o va m\u00e1s cerca de 4% del PIB y si me haces proyectar con las estimaciones que se est\u00e1n haciendo hoy, la situaci\u00f3n fiscal para el 2017. estar\u00edamos hablando de otro d\u00e9ficit de aproximadamente entre 3 y 4% del PIB\u00bb. En consecuencia, consider\u00f3, se estar\u00eda acumulando, en un periodo de 4 a\u00f1os, el a\u00f1o pasado fue sobre 3%, de un d\u00e9ficit fiscal de 1 4 % del PIB. Esto quiere decir \u00abque \u00bfhay que hacerse el tonto?, \u00bftaparse los ojos? Eso ser\u00eda grav\u00edsimo. El ministro de Hacienda (Rodrigo Vald\u00e9s) va a tener que sincerar mucho m\u00e1s las cifras fiscales de lo que ya ha hecho con este presupuesto. Eso es lo mejor, porque en un escenario externo, en donde nosotros empezamos m\u00e1s a perecernos como Venezuela, y Argentina empieza a corregir, el acceso a financiamiento se va a ver mucho m\u00e1s complicado\u00bb, augur\u00f3.<\/p>\n<p style=\"text-align: justify;\"><strong>FINANCIAMIENTO<\/strong><\/p>\n<p style=\"text-align: justify;\">El acad\u00e9mico hizo ver que Chile tiene una buena situaci\u00f3n de financiamiento fiscal, en el sentido de que es acreedor neto, pero como pa\u00eds existe un endeudamiento que viene b\u00e1sicamente del sector privado, que es bastante alto&#8230;<\/p>\n<p style=\"text-align: justify;\">Ver entrevista publicada en <strong><a href=\"http:\/\/map.conectamedia.cl\/index.php\/clippingNews\/view?id=220463&amp;email=4721&amp;fromemail=1\" target=\"_blank\">El Sur de Concepci\u00f3n 13\/12\/2015<\/a><\/strong><\/p>\n","protected":false},"excerpt":{"rendered":"<p> \u00abVamos a terminar este a\u00f1o con un d\u00e9ficit efectivo sobre 3% del PIB. Seg\u00fan los n\u00fameros que estamos teniendo, las proyecciones estructurales no son las correctas. Se ha deteriorado m\u00e1s la econom\u00eda externa, por lo tanto, el d\u00e9ficit fiscal efectivo del pr\u00f3ximo a\u00f1o va m\u00e1s cerca de 4% del PIB y si me haces proyectar con las estimaciones que se est\u00e1n haciendo hoy, la situaci\u00f3n fiscal para el 2017. estar\u00edamos hablando de otro d\u00e9ficit de aproximadamente entre 3 y 4% del PIB\u00bb<\/p>\n","protected":false},"author":22,"featured_media":893,"comment_status":"open","ping_status":"open","sticky":false,"template":"","format":"standard","meta":{"footnotes":""},"categories":[10162],"tags":[3810,3878,3800,8139,8619,3801,4176,11176],"class_list":["post-1517","post","type-post","status-publish","format-standard","has-post-thumbnail","hentry","category-centro-en-la-prensa","tag-admision","tag-carrera","tag-ciencia-politica","tag-cristian-larroulet","tag-entrevista","tag-politicas-publicas","tag-udd","tag-universidad"],"featured_image_url":"https:\/\/gobierno.udd.cl\/cpp\/files\/2015\/05\/udd_cpp_prensa_340.png","_links":{"self":[{"href":"https:\/\/gobierno.udd.cl\/cpp\/wp-json\/wp\/v2\/posts\/1517","targetHints":{"allow":["GET"]}}],"collection":[{"href":"https:\/\/gobierno.udd.cl\/cpp\/wp-json\/wp\/v2\/posts"}],"about":[{"href":"https:\/\/gobierno.udd.cl\/cpp\/wp-json\/wp\/v2\/types\/post"}],"author":[{"embeddable":true,"href":"https:\/\/gobierno.udd.cl\/cpp\/wp-json\/wp\/v2\/users\/22"}],"replies":[{"embeddable":true,"href":"https:\/\/gobierno.udd.cl\/cpp\/wp-json\/wp\/v2\/comments?post=1517"}],"version-history":[{"count":1,"href":"https:\/\/gobierno.udd.cl\/cpp\/wp-json\/wp\/v2\/posts\/1517\/revisions"}],"predecessor-version":[{"id":1518,"href":"https:\/\/gobierno.udd.cl\/cpp\/wp-json\/wp\/v2\/posts\/1517\/revisions\/1518"}],"wp:featuredmedia":[{"embeddable":true,"href":"https:\/\/gobierno.udd.cl\/cpp\/wp-json\/wp\/v2\/media\/893"}],"wp:attachment":[{"href":"https:\/\/gobierno.udd.cl\/cpp\/wp-json\/wp\/v2\/media?parent=1517"}],"wp:term":[{"taxonomy":"category","embeddable":true,"href":"https:\/\/gobierno.udd.cl\/cpp\/wp-json\/wp\/v2\/categories?post=1517"},{"taxonomy":"post_tag","embeddable":true,"href":"https:\/\/gobierno.udd.cl\/cpp\/wp-json\/wp\/v2\/tags?post=1517"}],"curies":[{"name":"wp","href":"https:\/\/api.w.org\/{rel}","templated":true}]}}