{"id":1501,"date":"2015-12-15T10:38:46","date_gmt":"2015-12-15T13:38:46","guid":{"rendered":"http:\/\/gobierno.udd.cl\/cpp\/?p=1501"},"modified":"2015-12-15T10:50:56","modified_gmt":"2015-12-15T13:50:56","slug":"lucas-palacios-en-ciudadanos-cnn-chile","status":"publish","type":"post","link":"https:\/\/gobierno.udd.cl\/cpp\/noticias\/2015\/12\/15\/lucas-palacios-en-ciudadanos-cnn-chile\/","title":{"rendered":"Lucas Palacios en #Ciudadanos CNN Chile \u00abComentarios de las noticias del a\u00f1o\u00bb"},"content":{"rendered":"<div>Panelistas recuerdan las noticias mas importantes del a\u00f1o y anticipan las noticias mas importantes para el 2016.<\/div>\n<div style=\"text-align: justify;\"><\/div>\n<div style=\"text-align: justify;\">Participan Laura Albornoz, Abogada y doctora en derecho, Alberto Mayol, Soci\u00f3logo, Hern\u00e1n Larra\u00edn, Abogado y Cientista Pol\u00edtico, Lucas Palacios, Investigador Facultad de Gobierno UDD.<\/div>\n<p style=\"text-align: justify;\">Revisa el programa\u00a0<strong><a href=\"http:\/\/map.conectamedia.cl\/index.php\/clippingNews\/view?id=209142&amp;email=4670&amp;fromemail=1\" target=\"_blank\">Aqu\u00ed<\/a><\/strong><\/p>\n<p><iframe loading=\"lazy\" src=\"https:\/\/www.youtube.com\/embed\/D73pVvSD8LY\" height=\"480\" width=\"854\" allowfullscreen=\"\" frameborder=\"0\"><\/iframe><\/p>\n","protected":false},"excerpt":{"rendered":"<p>Panelistas recuerdan las noticias mas importantes del a\u00f1o y anticipan las noticias mas importantes para el 2016. Participan Laura Albornoz, Abogada y doctora en derecho, Alberto Mayol, Soci\u00f3logo, Hern\u00e1n Larra\u00edn, Abogado y Cientista Pol\u00edtico, Lucas Palacios, Investigador Facultad de Gobierno UDD. Revisa el programa\u00a0Aqu\u00ed<\/p>\n","protected":false},"author":22,"featured_media":893,"comment_status":"open","ping_status":"open","sticky":false,"template":"","format":"standard","meta":{"footnotes":""},"categories":[10162],"tags":[9920,9964,8088],"class_list":["post-1501","post","type-post","status-publish","format-standard","has-post-thumbnail","hentry","category-centro-en-la-prensa","tag-cnn-chile","tag-lucas-palacios","tag-politica"],"featured_image_url":"https:\/\/gobierno.udd.cl\/cpp\/files\/2015\/05\/udd_cpp_prensa_340.png","_links":{"self":[{"href":"https:\/\/gobierno.udd.cl\/cpp\/wp-json\/wp\/v2\/posts\/1501","targetHints":{"allow":["GET"]}}],"collection":[{"href":"https:\/\/gobierno.udd.cl\/cpp\/wp-json\/wp\/v2\/posts"}],"about":[{"href":"https:\/\/gobierno.udd.cl\/cpp\/wp-json\/wp\/v2\/types\/post"}],"author":[{"embeddable":true,"href":"https:\/\/gobierno.udd.cl\/cpp\/wp-json\/wp\/v2\/users\/22"}],"replies":[{"embeddable":true,"href":"https:\/\/gobierno.udd.cl\/cpp\/wp-json\/wp\/v2\/comments?post=1501"}],"version-history":[{"count":13,"href":"https:\/\/gobierno.udd.cl\/cpp\/wp-json\/wp\/v2\/posts\/1501\/revisions"}],"predecessor-version":[{"id":1503,"href":"https:\/\/gobierno.udd.cl\/cpp\/wp-json\/wp\/v2\/posts\/1501\/revisions\/1503"}],"wp:featuredmedia":[{"embeddable":true,"href":"https:\/\/gobierno.udd.cl\/cpp\/wp-json\/wp\/v2\/media\/893"}],"wp:attachment":[{"href":"https:\/\/gobierno.udd.cl\/cpp\/wp-json\/wp\/v2\/media?parent=1501"}],"wp:term":[{"taxonomy":"category","embeddable":true,"href":"https:\/\/gobierno.udd.cl\/cpp\/wp-json\/wp\/v2\/categories?post=1501"},{"taxonomy":"post_tag","embeddable":true,"href":"https:\/\/gobierno.udd.cl\/cpp\/wp-json\/wp\/v2\/tags?post=1501"}],"curies":[{"name":"wp","href":"https:\/\/api.w.org\/{rel}","templated":true}]}}