{"id":1478,"date":"2015-11-30T10:17:28","date_gmt":"2015-11-30T13:17:28","guid":{"rendered":"http:\/\/gobierno.udd.cl\/cpp\/?p=1478"},"modified":"2015-12-01T10:07:11","modified_gmt":"2015-12-01T13:07:11","slug":"investigadores-del-cpp-adjudicaron-fondo-de-investigacion-de-la-subsecretaria-de-prevencion-del-delito","status":"publish","type":"post","link":"https:\/\/gobierno.udd.cl\/cpp\/noticias\/2015\/11\/30\/investigadores-del-cpp-adjudicaron-fondo-de-investigacion-de-la-subsecretaria-de-prevencion-del-delito\/","title":{"rendered":"Investigadores del CPP adjudicaron fondo de investigaci\u00f3n de la Subsecretar\u00eda de Prevenci\u00f3n del Delito"},"content":{"rendered":"<p style=\"text-align: justify;\"><a href=\"http:\/\/gobierno.udd.cl\/cpp\/files\/2015\/11\/NominaGanadores1.jpg\"><img loading=\"lazy\" decoding=\"async\" class=\"alignnone size-medium wp-image-1480\" alt=\"NominaGanadores\" src=\"http:\/\/gobierno.udd.cl\/cpp\/files\/2015\/11\/NominaGanadores1-300x196.jpg\" width=\"300\" height=\"196\" srcset=\"https:\/\/gobierno.udd.cl\/cpp\/files\/2015\/11\/NominaGanadores1-300x196.jpg 300w, https:\/\/gobierno.udd.cl\/cpp\/files\/2015\/11\/NominaGanadores1.jpg 542w\" sizes=\"auto, (max-width: 300px) 100vw, 300px\" \/><\/a><\/p>\n<p style=\"text-align: justify;\">Los investigadores del Centro de Pol\u00edticas P\u00fablicas (CPP) Mauricio Bravo, Hugo Contreras y Jos\u00e9 de la Cruz Garrido adjudicaron el <strong><a href=\"http:\/\/www.fnsp.gov.cl\/noticias\/nomina-de-proyectos-ganadores-del-concurso-fnsp-2015\/\" target=\"_blank\">Fondo Nacional de Seguridad P\u00fablica<\/a> <\/strong>con el proyecto \u00abEstudio de Determinantes de\u00a0Violencia Escolar, Pandillas y\u00a0Violencia Urbana\u00bb<\/p>\n<p style=\"text-align: justify;\">El proyecto se desarrollar\u00e1 en conjunto con cuatro colegios municipales de la comuna de San Bernardo, y tiene por objetivo generar m\u00e9tricas para el estudio de la violencia escolar y la participaci\u00f3n de j\u00f3venes en pandillas, con el foco en el diagn\u00f3stico y la prevenci\u00f3n del delito.<\/p>\n","protected":false},"excerpt":{"rendered":"<p>El estudio se propone analizar los efectos de las pandillas en la violencia escolar a partir de aquellas variables de percepci\u00f3n de autoridad, g\u00e9nero, autoestima, reputaci\u00f3n social y exclusi\u00f3n, entre otras, y ver su relaci\u00f3n con fen\u00f3menos de violencia urbana y delitos de mayor connotaci\u00f3n social.<\/p>\n","protected":false},"author":22,"featured_media":1479,"comment_status":"open","ping_status":"open","sticky":false,"template":"","format":"standard","meta":{"footnotes":""},"categories":[4],"tags":[],"class_list":["post-1478","post","type-post","status-publish","format-standard","has-post-thumbnail","hentry","category-noticias"],"featured_image_url":"https:\/\/gobierno.udd.cl\/cpp\/files\/2015\/11\/NominaGanadores.jpg","_links":{"self":[{"href":"https:\/\/gobierno.udd.cl\/cpp\/wp-json\/wp\/v2\/posts\/1478","targetHints":{"allow":["GET"]}}],"collection":[{"href":"https:\/\/gobierno.udd.cl\/cpp\/wp-json\/wp\/v2\/posts"}],"about":[{"href":"https:\/\/gobierno.udd.cl\/cpp\/wp-json\/wp\/v2\/types\/post"}],"author":[{"embeddable":true,"href":"https:\/\/gobierno.udd.cl\/cpp\/wp-json\/wp\/v2\/users\/22"}],"replies":[{"embeddable":true,"href":"https:\/\/gobierno.udd.cl\/cpp\/wp-json\/wp\/v2\/comments?post=1478"}],"version-history":[{"count":4,"href":"https:\/\/gobierno.udd.cl\/cpp\/wp-json\/wp\/v2\/posts\/1478\/revisions"}],"predecessor-version":[{"id":1483,"href":"https:\/\/gobierno.udd.cl\/cpp\/wp-json\/wp\/v2\/posts\/1478\/revisions\/1483"}],"wp:featuredmedia":[{"embeddable":true,"href":"https:\/\/gobierno.udd.cl\/cpp\/wp-json\/wp\/v2\/media\/1479"}],"wp:attachment":[{"href":"https:\/\/gobierno.udd.cl\/cpp\/wp-json\/wp\/v2\/media?parent=1478"}],"wp:term":[{"taxonomy":"category","embeddable":true,"href":"https:\/\/gobierno.udd.cl\/cpp\/wp-json\/wp\/v2\/categories?post=1478"},{"taxonomy":"post_tag","embeddable":true,"href":"https:\/\/gobierno.udd.cl\/cpp\/wp-json\/wp\/v2\/tags?post=1478"}],"curies":[{"name":"wp","href":"https:\/\/api.w.org\/{rel}","templated":true}]}}