{"id":1459,"date":"2015-11-16T16:43:07","date_gmt":"2015-11-16T19:43:07","guid":{"rendered":"http:\/\/gobierno.udd.cl\/cpp\/?p=1459"},"modified":"2015-11-16T16:43:07","modified_gmt":"2015-11-16T19:43:07","slug":"sin-empresa-hay-progreso-por-cristian-larroulet","status":"publish","type":"post","link":"https:\/\/gobierno.udd.cl\/cpp\/noticias\/2015\/11\/16\/sin-empresa-hay-progreso-por-cristian-larroulet\/","title":{"rendered":"Sin empresa no hay progreso por Cristi\u00e1n Larroulet"},"content":{"rendered":"<p style=\"text-align: justify;\">Los detractores de la econom\u00eda social de mercado no dejaron pasar la oportunidad que les dio el \u00faltimo condenable caso de colusi\u00f3n denunciado por la Fiscal\u00eda Nacional Econ\u00f3mica.<\/p>\n<p style=\"text-align: justify;\">Tal como lo hicieron en el pasado con situaciones similares, han aprovechado este lamentable hecho para sembrar la desconfianza en las empresas y los emprendedores, cuestionando su rol, legitimidad y valor.<\/p>\n<p style=\"text-align: justify;\">Por eso, es oportuno recordar que, a pesar de las consignas y caricaturas que promueve esta campa\u00f1a antiemprendimiento, la historia nos muestra que Chile ha alcanzado su mayor progreso social, al disminuir la pobreza y ampliar los horizontes de desarrollo de los chilenos, gracias al insustituible aporte que, desde hace d\u00e9cadas, realizan miles de emprendedores que con talento y creatividad generan empleos y riqueza.<\/p>\n<p style=\"text-align: justify;\">An\u00e1lisis publicado en <strong><a href=\"http:\/\/www.litoralpress.cl\/infocom\/preview\/Grande.aspx?image=..\/clipsimages\/2015\/11\/11\/0219ABDB.JPG\" target=\"_blank\">El Mercurio 11\/11\/2015<\/a><\/strong><\/p>\n","protected":false},"excerpt":{"rendered":"<p>Los detractores de la econom\u00eda social de mercado no dejaron pasar la oportunidad que les dio el \u00faltimo condenable caso de colusi\u00f3n denunciado por la Fiscal\u00eda Nacional Econ\u00f3mica. Tal como lo hicieron en el pasado con situaciones similares, han aprovechado este lamentable hecho para sembrar la desconfianza en las empresas y los emprendedores, cuestionando su [&hellip;]<\/p>\n","protected":false},"author":22,"featured_media":893,"comment_status":"open","ping_status":"open","sticky":false,"template":"","format":"standard","meta":{"footnotes":""},"categories":[10162],"tags":[11824,8139,10928,10929,4176],"class_list":["post-1459","post","type-post","status-publish","format-standard","has-post-thumbnail","hentry","category-centro-en-la-prensa","tag-cpp","tag-cristian-larroulet","tag-empresa","tag-progreso","tag-udd"],"featured_image_url":"https:\/\/gobierno.udd.cl\/cpp\/files\/2015\/05\/udd_cpp_prensa_340.png","_links":{"self":[{"href":"https:\/\/gobierno.udd.cl\/cpp\/wp-json\/wp\/v2\/posts\/1459","targetHints":{"allow":["GET"]}}],"collection":[{"href":"https:\/\/gobierno.udd.cl\/cpp\/wp-json\/wp\/v2\/posts"}],"about":[{"href":"https:\/\/gobierno.udd.cl\/cpp\/wp-json\/wp\/v2\/types\/post"}],"author":[{"embeddable":true,"href":"https:\/\/gobierno.udd.cl\/cpp\/wp-json\/wp\/v2\/users\/22"}],"replies":[{"embeddable":true,"href":"https:\/\/gobierno.udd.cl\/cpp\/wp-json\/wp\/v2\/comments?post=1459"}],"version-history":[{"count":1,"href":"https:\/\/gobierno.udd.cl\/cpp\/wp-json\/wp\/v2\/posts\/1459\/revisions"}],"predecessor-version":[{"id":1460,"href":"https:\/\/gobierno.udd.cl\/cpp\/wp-json\/wp\/v2\/posts\/1459\/revisions\/1460"}],"wp:featuredmedia":[{"embeddable":true,"href":"https:\/\/gobierno.udd.cl\/cpp\/wp-json\/wp\/v2\/media\/893"}],"wp:attachment":[{"href":"https:\/\/gobierno.udd.cl\/cpp\/wp-json\/wp\/v2\/media?parent=1459"}],"wp:term":[{"taxonomy":"category","embeddable":true,"href":"https:\/\/gobierno.udd.cl\/cpp\/wp-json\/wp\/v2\/categories?post=1459"},{"taxonomy":"post_tag","embeddable":true,"href":"https:\/\/gobierno.udd.cl\/cpp\/wp-json\/wp\/v2\/tags?post=1459"}],"curies":[{"name":"wp","href":"https:\/\/api.w.org\/{rel}","templated":true}]}}