{"id":1430,"date":"2015-10-16T16:28:57","date_gmt":"2015-10-16T19:28:57","guid":{"rendered":"http:\/\/gobierno.udd.cl\/cpp\/?p=1430"},"modified":"2015-10-16T16:31:34","modified_gmt":"2015-10-16T19:31:34","slug":"ex-ministros-debaten-sobre-futuro-de-la-educacion-superior","status":"publish","type":"post","link":"https:\/\/gobierno.udd.cl\/cpp\/noticias\/2015\/10\/16\/ex-ministros-debaten-sobre-futuro-de-la-educacion-superior\/","title":{"rendered":"Ex ministros debaten sobre futuro de la Educaci\u00f3n Superior"},"content":{"rendered":"<p style=\"text-align: justify;\"><a href=\"http:\/\/gobierno.udd.cl\/cpp\/files\/2015\/10\/Ex-ministros.jpg\"><img loading=\"lazy\" decoding=\"async\" class=\"alignnone size-medium wp-image-1431\" alt=\"Ex ministros\" src=\"http:\/\/gobierno.udd.cl\/cpp\/files\/2015\/10\/Ex-ministros-300x196.jpg\" width=\"300\" height=\"196\" srcset=\"https:\/\/gobierno.udd.cl\/cpp\/files\/2015\/10\/Ex-ministros-300x196.jpg 300w, https:\/\/gobierno.udd.cl\/cpp\/files\/2015\/10\/Ex-ministros.jpg 390w\" sizes=\"auto, (max-width: 300px) 100vw, 300px\" \/><\/a><\/p>\n<p style=\"text-align: justify;\">En medio de la discusi\u00f3n de la gratuidad y su repercusi\u00f3n en el Presupuesto 2016, la Universidad del Desarrollo organiz\u00f3 el seminario \u201cEl Futuro de la Educaci\u00f3n Universitaria\u201d, que reuni\u00f3 a los ex ministros de Educaci\u00f3n Harald Beyer, Sergio Bitar y Jos\u00e9 Pablo Arellano, figuras claves en este debate y gestores de algunas de las pol\u00edticas p\u00fablicas m\u00e1s relevantes implementadas en esta materia en las \u00faltimas d\u00e9cadas.<\/p>\n<p style=\"text-align: justify;\">El ex ministro Secretario General de la Presidencia y actual director de Investigaci\u00f3n de la Facultad de Econom\u00eda y Negocios UDD, Cristi\u00e1n Larroulet, fue el encargado de moderar el panel en el que participaron los ex ministros.<\/p>\n<p style=\"text-align: justify;\">Sergio Bitar, ex secretario de Estado durante el gobierno de Ricardo Lagos, manifest\u00f3 que habr\u00eda que sacar el tema de la gratuidad en Educaci\u00f3n Superior del eje de la discusi\u00f3n sobre el futuro de la educaci\u00f3n superior o por lo menos mostrar que es un sistema integral m\u00e1s complejo y reconocer que se ha hecho un esfuerzo en aumento de cobertura. \u201c(\u2026) si bien el financiamiento p\u00fablico es clave, se tiene que reconocer como algo positivo el aumento importante que se contempla en el Presupuesto 2016 para este \u00edtem\u201d, destac\u00f3.<\/p>\n<p style=\"text-align: justify;\">Por su parte, el ex ministro de la administraci\u00f3n Pi\u00f1era, Harald Beyer, indic\u00f3 que se debe dejar de lado el argumento de que la gratuidad favorece a los j\u00f3venes m\u00e1s vulnerables, ya que no hay ninguna evidencia que lo respalde y puso como ejemplo el Informe de la Comisi\u00f3n Europea donde se concluy\u00f3 que en los pa\u00edses con mejor acceso a la educaci\u00f3n superior no hay gratuidad.<\/p>\n<p style=\"text-align: justify;\">Finalmente, Jos\u00e9 Pablo Arellano \u2013ministro de Educaci\u00f3n del ex Presidente Eduardo Frei-, manifest\u00f3 que es dif\u00edcil que haya gratuidad para todos los estudiantes porque ello no es financiable.<\/p>\n<p style=\"text-align: justify;\"><strong>Experiencia espa\u00f1ola<\/strong><\/p>\n<p style=\"text-align: justify;\">El seminario tuvo como invitado internacional al espa\u00f1ol Santiago I\u00f1iguez, presidente del IE Univeristy, quien se refiri\u00f3 a la experiencia espa\u00f1ola y europea en el tema.<\/p>\n","protected":false},"excerpt":{"rendered":"<p>El ex ministro Secretario General de la Presidencia y actual director de Investigaci\u00f3n de la Facultad de Econom\u00eda y Negocios UDD y Presidente del Consejo Consultivo del CPP, Cristi\u00e1n Larroulet, fue el encargado de moderar el panel en el que participaron los ex ministros.<\/p>\n","protected":false},"author":22,"featured_media":1431,"comment_status":"open","ping_status":"open","sticky":false,"template":"","format":"standard","meta":{"footnotes":""},"categories":[4],"tags":[11824,10923,10924,10925,10926,4176],"class_list":["post-1430","post","type-post","status-publish","format-standard","has-post-thumbnail","hentry","category-noticias","tag-cpp","tag-ex-ministros","tag-harald-beyer","tag-jose-pablo-arellano","tag-sergio-bitar","tag-udd"],"featured_image_url":"https:\/\/gobierno.udd.cl\/cpp\/files\/2015\/10\/Ex-ministros.jpg","_links":{"self":[{"href":"https:\/\/gobierno.udd.cl\/cpp\/wp-json\/wp\/v2\/posts\/1430","targetHints":{"allow":["GET"]}}],"collection":[{"href":"https:\/\/gobierno.udd.cl\/cpp\/wp-json\/wp\/v2\/posts"}],"about":[{"href":"https:\/\/gobierno.udd.cl\/cpp\/wp-json\/wp\/v2\/types\/post"}],"author":[{"embeddable":true,"href":"https:\/\/gobierno.udd.cl\/cpp\/wp-json\/wp\/v2\/users\/22"}],"replies":[{"embeddable":true,"href":"https:\/\/gobierno.udd.cl\/cpp\/wp-json\/wp\/v2\/comments?post=1430"}],"version-history":[{"count":4,"href":"https:\/\/gobierno.udd.cl\/cpp\/wp-json\/wp\/v2\/posts\/1430\/revisions"}],"predecessor-version":[{"id":1435,"href":"https:\/\/gobierno.udd.cl\/cpp\/wp-json\/wp\/v2\/posts\/1430\/revisions\/1435"}],"wp:featuredmedia":[{"embeddable":true,"href":"https:\/\/gobierno.udd.cl\/cpp\/wp-json\/wp\/v2\/media\/1431"}],"wp:attachment":[{"href":"https:\/\/gobierno.udd.cl\/cpp\/wp-json\/wp\/v2\/media?parent=1430"}],"wp:term":[{"taxonomy":"category","embeddable":true,"href":"https:\/\/gobierno.udd.cl\/cpp\/wp-json\/wp\/v2\/categories?post=1430"},{"taxonomy":"post_tag","embeddable":true,"href":"https:\/\/gobierno.udd.cl\/cpp\/wp-json\/wp\/v2\/tags?post=1430"}],"curies":[{"name":"wp","href":"https:\/\/api.w.org\/{rel}","templated":true}]}}