{"id":1425,"date":"2015-10-15T16:50:05","date_gmt":"2015-10-15T19:50:05","guid":{"rendered":"http:\/\/gobierno.udd.cl\/cpp\/?p=1425"},"modified":"2015-10-15T17:44:22","modified_gmt":"2015-10-15T20:44:22","slug":"la-campana-de-las-explicaciones-nota-gonzalo-muller-en-cambio-21","status":"publish","type":"post","link":"https:\/\/gobierno.udd.cl\/cpp\/noticias\/2015\/10\/15\/la-campana-de-las-explicaciones-nota-gonzalo-muller-en-cambio-21\/","title":{"rendered":"La campa\u00f1a de las explicaciones, nota a Gonzalo M\u00fcller en Cambio 21"},"content":{"rendered":"<p style=\"text-align: justify;\">La votaci\u00f3n del Contralor, la elecci\u00f3n del pr\u00f3ximo Fiscal Nacional, la tramitaci\u00f3n del Presupuesto 2016, el anuncio del mecanismo para reformar la Constituci\u00f3n, y la presentaci\u00f3n de los detalles de la implementaci\u00f3n de la gratuidad son los hitos que marcar\u00e1n la agenda.<\/p>\n<p style=\"text-align: justify;\">Aunque desde la Nueva Mayor\u00eda prefieren hablar de \u00abintensidad\u00bb, los analistas pol\u00edticos describen el actual escenario como \u00abdelicado\u00bb: dudan de la capacidad del oficialismo de superar la que llaman una \u00abcarrera de obst\u00e1culos\u00bb y advierten de los riesgos de cometer errores en procesos donde se tomar\u00e1n decisiones irreversibles.<\/p>\n<p style=\"text-align: justify;\">Para Gonzalo M\u00fcller, acad\u00e9mico de la <b>UDD<\/b>, durante este per\u00edodo \u00abse empiezan a cumplir los plazos y el Gobierno va a tener que definirse frente a distintos temas. Este es un problema cr\u00f3nico con respecto a las decisiones, la ambig\u00fcedad se ha transformado en algo de lo cual no logra deshacerse\u00bb.<\/p>\n<p style=\"text-align: justify;\">Las alertas La capacidad del Gobierno de terminar el mes de forma exitosa recae casi por completo en la figura del ministro del Interior, Jorge Burgos, dicen los consultados. Clave ser\u00e1 el respaldo que logre el jefe de gabinete para aprobar tanto el nombre de Enrique Rajevic en Contraloria como el del candidato que Bachelet defina impulsar como nuevo Fiscal Nacional.<\/p>\n<p style=\"text-align: justify;\">En ambas maniobras quedar\u00e1 en evidencia, dice M\u00fcller, si es que Burgos y el comit\u00e9 pol\u00edtico en su conjunto, son capaces de cumplir la promesa de di\u00e1logo y acuerdos con la que se instalaron en gabinete.<\/p>\n<p style=\"text-align: justify;\">Nota completa publicada <strong><a href=\"http:\/\/www.litoralpress.cl\/design3\/lpi\/pdf3\/litoralpresspdf.aspx?ruta=clipsimages&amp;id=34894742,34894745,34894753,34894754&amp;idT=14582&amp;org=1&amp;ve=1\" target=\"_blank\">Cambio 21 07\/10\/2015<\/a><\/strong><\/p>\n","protected":false},"excerpt":{"rendered":"<p>La votaci\u00f3n del Contralor, la elecci\u00f3n del pr\u00f3ximo Fiscal Nacional, la tramitaci\u00f3n del Presupuesto 2016, el anuncio del mecanismo para reformar la Constituci\u00f3n, y la presentaci\u00f3n de los detalles de la implementaci\u00f3n de la gratuidad son los hitos que marcar\u00e1n la agenda. Aunque desde la Nueva Mayor\u00eda prefieren hablar de \u00abintensidad\u00bb, los analistas pol\u00edticos describen [&hellip;]<\/p>\n","protected":false},"author":22,"featured_media":893,"comment_status":"open","ping_status":"open","sticky":false,"template":"","format":"standard","meta":{"footnotes":""},"categories":[10162],"tags":[10919,10920,8140],"class_list":["post-1425","post","type-post","status-publish","format-standard","has-post-thumbnail","hentry","category-centro-en-la-prensa","tag-contralor","tag-fiscal-nacional","tag-gonzalo-muller"],"featured_image_url":"https:\/\/gobierno.udd.cl\/cpp\/files\/2015\/05\/udd_cpp_prensa_340.png","_links":{"self":[{"href":"https:\/\/gobierno.udd.cl\/cpp\/wp-json\/wp\/v2\/posts\/1425","targetHints":{"allow":["GET"]}}],"collection":[{"href":"https:\/\/gobierno.udd.cl\/cpp\/wp-json\/wp\/v2\/posts"}],"about":[{"href":"https:\/\/gobierno.udd.cl\/cpp\/wp-json\/wp\/v2\/types\/post"}],"author":[{"embeddable":true,"href":"https:\/\/gobierno.udd.cl\/cpp\/wp-json\/wp\/v2\/users\/22"}],"replies":[{"embeddable":true,"href":"https:\/\/gobierno.udd.cl\/cpp\/wp-json\/wp\/v2\/comments?post=1425"}],"version-history":[{"count":2,"href":"https:\/\/gobierno.udd.cl\/cpp\/wp-json\/wp\/v2\/posts\/1425\/revisions"}],"predecessor-version":[{"id":1429,"href":"https:\/\/gobierno.udd.cl\/cpp\/wp-json\/wp\/v2\/posts\/1425\/revisions\/1429"}],"wp:featuredmedia":[{"embeddable":true,"href":"https:\/\/gobierno.udd.cl\/cpp\/wp-json\/wp\/v2\/media\/893"}],"wp:attachment":[{"href":"https:\/\/gobierno.udd.cl\/cpp\/wp-json\/wp\/v2\/media?parent=1425"}],"wp:term":[{"taxonomy":"category","embeddable":true,"href":"https:\/\/gobierno.udd.cl\/cpp\/wp-json\/wp\/v2\/categories?post=1425"},{"taxonomy":"post_tag","embeddable":true,"href":"https:\/\/gobierno.udd.cl\/cpp\/wp-json\/wp\/v2\/tags?post=1425"}],"curies":[{"name":"wp","href":"https:\/\/api.w.org\/{rel}","templated":true}]}}