{"id":1421,"date":"2015-10-15T16:42:08","date_gmt":"2015-10-15T19:42:08","guid":{"rendered":"http:\/\/gobierno.udd.cl\/cpp\/?p=1421"},"modified":"2015-10-15T16:43:53","modified_gmt":"2015-10-15T19:43:53","slug":"debate-sobre-educacion-superior-reune-a-tres-ex-ministros-de-la-cartera","status":"publish","type":"post","link":"https:\/\/gobierno.udd.cl\/cpp\/noticias\/2015\/10\/15\/debate-sobre-educacion-superior-reune-a-tres-ex-ministros-de-la-cartera\/","title":{"rendered":"Debate sobre educaci\u00f3n superior re\u00fane a tres ex ministros de la cartera"},"content":{"rendered":"<p style=\"text-align: justify;\">El seminario \u00abEl futuro de la educaci\u00f3n universitaria\u00bb reuni\u00f3 ehoy jueves en la <b>Universidad del Desarrollo<\/b> a tres ex ministros de Educaci\u00f3n: Jos\u00e9 Pablo Arellano, que ocup\u00f3 el cargo entre 1996 y 2000 en el gobierno de Eduardo Frei Ruiz-Tagle; Sergio Bitar (2003-2005), ministro de Ricardo Lagos, y Harald Beyer (2011-2013), titular en el gobierno de Sebasti\u00e1n Pinera. El panel ser\u00e1 moderado por el ex ministro de la Secretar\u00eda General de la Presidencia Cristi\u00e1n Larroulet. Tambi\u00e9n expondr\u00e1 el presidente del IE de Espa\u00f1a, Santiago I\u00f1iguez.<\/p>\n<p style=\"text-align: justify;\">Nota publicada en <strong><a href=\"http:\/\/www.litoralpress.cl\/infocom\/preview\/Grande.aspx?image=..\/clipsimages\/2015\/10\/10\/0214CDB1.JPG\" target=\"_blank\">El Mercurio<\/a><\/strong><\/p>\n","protected":false},"excerpt":{"rendered":"<p>El seminario \u00abEl futuro de la educaci\u00f3n universitaria\u00bb reuni\u00f3 ehoy jueves en la Universidad del Desarrollo a tres ex ministros de Educaci\u00f3n: Jos\u00e9 Pablo Arellano, que ocup\u00f3 el cargo entre 1996 y 2000 en el gobierno de Eduardo Frei Ruiz-Tagle; Sergio Bitar (2003-2005), ministro de Ricardo Lagos, y Harald Beyer (2011-2013), titular en el gobierno [&hellip;]<\/p>\n","protected":false},"author":22,"featured_media":893,"comment_status":"open","ping_status":"open","sticky":false,"template":"","format":"standard","meta":{"footnotes":""},"categories":[10162],"tags":[10184],"class_list":["post-1421","post","type-post","status-publish","format-standard","has-post-thumbnail","hentry","category-centro-en-la-prensa","tag-educacion-superior"],"featured_image_url":"https:\/\/gobierno.udd.cl\/cpp\/files\/2015\/05\/udd_cpp_prensa_340.png","_links":{"self":[{"href":"https:\/\/gobierno.udd.cl\/cpp\/wp-json\/wp\/v2\/posts\/1421","targetHints":{"allow":["GET"]}}],"collection":[{"href":"https:\/\/gobierno.udd.cl\/cpp\/wp-json\/wp\/v2\/posts"}],"about":[{"href":"https:\/\/gobierno.udd.cl\/cpp\/wp-json\/wp\/v2\/types\/post"}],"author":[{"embeddable":true,"href":"https:\/\/gobierno.udd.cl\/cpp\/wp-json\/wp\/v2\/users\/22"}],"replies":[{"embeddable":true,"href":"https:\/\/gobierno.udd.cl\/cpp\/wp-json\/wp\/v2\/comments?post=1421"}],"version-history":[{"count":3,"href":"https:\/\/gobierno.udd.cl\/cpp\/wp-json\/wp\/v2\/posts\/1421\/revisions"}],"predecessor-version":[{"id":1424,"href":"https:\/\/gobierno.udd.cl\/cpp\/wp-json\/wp\/v2\/posts\/1421\/revisions\/1424"}],"wp:featuredmedia":[{"embeddable":true,"href":"https:\/\/gobierno.udd.cl\/cpp\/wp-json\/wp\/v2\/media\/893"}],"wp:attachment":[{"href":"https:\/\/gobierno.udd.cl\/cpp\/wp-json\/wp\/v2\/media?parent=1421"}],"wp:term":[{"taxonomy":"category","embeddable":true,"href":"https:\/\/gobierno.udd.cl\/cpp\/wp-json\/wp\/v2\/categories?post=1421"},{"taxonomy":"post_tag","embeddable":true,"href":"https:\/\/gobierno.udd.cl\/cpp\/wp-json\/wp\/v2\/tags?post=1421"}],"curies":[{"name":"wp","href":"https:\/\/api.w.org\/{rel}","templated":true}]}}