{"id":1419,"date":"2015-10-15T16:37:18","date_gmt":"2015-10-15T19:37:18","guid":{"rendered":"http:\/\/gobierno.udd.cl\/cpp\/?p=1419"},"modified":"2015-10-15T16:37:18","modified_gmt":"2015-10-15T19:37:18","slug":"gonzalo-muller-la-presidenta-transformo-la-nueva-constitucion-en-un-tema-electoral-para-el-2017","status":"publish","type":"post","link":"https:\/\/gobierno.udd.cl\/cpp\/noticias\/2015\/10\/15\/gonzalo-muller-la-presidenta-transformo-la-nueva-constitucion-en-un-tema-electoral-para-el-2017\/","title":{"rendered":"Gonzalo M\u00fcller: \u00abLa Presidenta transform\u00f3 la nueva Constituci\u00f3n en un tema electoral para el 2017\u00bb"},"content":{"rendered":"<p style=\"text-align: justify;\">El diagn\u00f3stico de Gonzalo M\u00fcller es directo tras el anuncio presidencial de la noche del martes sobre el proceso para llegar a una nueva Constituci\u00f3n.<\/p>\n<p style=\"text-align: justify;\">El acad\u00e9mico de la UDD y analista pol\u00edtico, afirma que la Presidenta Michelle Bachelet \u201cno cumpli\u00f3 su promesa de campa\u00f1a\u201d, que quienes votaron por ella esperando una asamblea constituyente \u201cperdieron\u201d, y que ese sector podr\u00eda encontrarse con un \u201cportazo\u201d por parte del Congreso considerando el qu\u00f3rum de 2\/3 requerido para el proceso.<\/p>\n<p style=\"text-align: justify;\"><strong>\u00bfCu\u00e1l es su lectura pol\u00edtica del anuncio de la Presidenta?<\/strong><\/p>\n<p style=\"text-align: justify;\">Entendiendo que no tiene los votos en el Congreso, para cumplir con el camino que ella misma traz\u00f3, lo que ha hecho la Presidenta es transformar la nueva Constituci\u00f3n en un tema de campa\u00f1a electoral para el 2016 y 2017, por lo tanto, la fiscalizaci\u00f3n que se haga de los recursos p\u00fablicos en este proyecto va a ser intensiva.<\/p>\n<p style=\"text-align: justify;\"><strong>\u00bfLo deja conforme el anuncio presidencial en cuanto a la v\u00eda institucional que la propia mandataria resalt\u00f3?<\/strong><\/p>\n<p style=\"text-align: justify;\">Obviamente que el respeto de la propia Constituci\u00f3n y del Congreso habla de una v\u00eda institucional. M\u00e1s all\u00e1 de los adjetivos que le pone la Presidenta a la actual Constituci\u00f3n, la reconoce.<\/p>\n<p style=\"text-align: justify;\"><strong>\u00bfFue un anuncio en blanco y negro, o puede observar matices?<\/strong><\/p>\n<p style=\"text-align: justify;\">Lo que dijo la Presidenta permite avanzar en al menos dos definiciones, sin embargo, hay muchas cosas que quedan pendientes. La primera es que no va a haber nueva Constituci\u00f3n en este Gobierno. La segunda, es que el proceso real de nueva Constituci\u00f3n se va a iniciar en el pr\u00f3ximo Gobierno. Adem\u00e1s, que se inicie ese proceso est\u00e1 sujeto a que se alcancen los 2\/3 en el Congreso, que es una condici\u00f3n que pone en duda el inicio del proceso. \u00bfQu\u00e9 pasa si el Congreso dice que no? Se cae todo lo que hizo el Gobierno.<\/p>\n<p style=\"text-align: justify;\"><strong>\u00bfEl hecho de que la discusi\u00f3n quede para el pr\u00f3ximo mandato presidencial y legislativo refleja, a \u00a0su juicio, que la Presidenta no cumpli\u00f3 su promesa de campa\u00f1a?<\/strong><\/p>\n<p style=\"text-align: justify;\">Claramente no cumple su promesa de campa\u00f1a y lo que hace, por los tiempos de un a\u00f1o de di\u00e1logos ciudadanos y un segundo a\u00f1o de reflexi\u00f3n, es reconocer la incertidumbre que genera esta discusi\u00f3n y de alguna manera la trata de matizar a trav\u00e9s de prolongarla en el tiempo, hacerlo menos violento. La incertidumbre que genera en lo econ\u00f3mico es la principal restricci\u00f3n respecto de por qu\u00e9 no va a poder cumplir con iniciar el camino de una nueva Constituci\u00f3n.<\/p>\n<p style=\"text-align: justify;\"><strong>\u00bfIdentifica a ganadores y perdedores tras este anuncio?<\/strong><\/p>\n<p style=\"text-align: justify;\">Los que perdieron son los que votaron por Bachelet esperando una AC. Perdieron su voto, claramente el anuncio fue un portazo. De hecho, se reconoce la v\u00eda institucional.<\/p>\n<p style=\"text-align: justify;\"><strong>\u00bfQue quede abierta como alternativa la AC termina tratando de dejar satisfechos a todos los sectores?<\/strong><\/p>\n<p style=\"text-align: justify;\">Pero resulta que en el Congreso no hay votos para una AC, entonces cuando la Presidenta dice que lo va a incorporar, pero que necesita los votos del Congreso, de alguna manera le est\u00e1 diciendo que no va a haber. Est\u00e1 de nuevo diciendo \u2018era mi intenci\u00f3n, era lo que yo quer\u00eda, pero el Congreso no quiso\u2019.<\/p>\n<p style=\"text-align: justify;\"><strong>\u00bfEn qu\u00e9 pie puede quedar entonces la relaci\u00f3n del Gobierno con las fuerzas de izquierda de su bloque, como el PC y los ex dirigentes estudiantiles que la apoyan?<\/strong><\/p>\n<p style=\"text-align: justify;\">Creo que se va a resentir esa relaci\u00f3n sin duda, porque para ese sector \u00e9ste es un incumplimiento grave. La condicionalidad de que 2\/3 del Congreso abra el camino es casi una manera de transferir la responsabilidad al Congreso y en estos sectores, desde el PC y la izquierda extra Nueva Mayor\u00eda, lo que se va a leer es que la Presidenta no tuvo la voluntad pol\u00edtica de avanzar en el camino de la AC<\/p>\n<p style=\"text-align: justify;\">Entrevista de Tom\u00e1s Mart\u00ednez publicada en <strong><a href=\"http:\/\/www.pulso.cl\/noticia\/actualidad---politica\/politica\/2015\/10\/5-72184-9-gonzalo-muller-la-presidenta-transformo-la-nueva-constitucion-en-un-tema.shtml\" target=\"_blank\">El Dinamo\u00a0<\/a><\/strong><\/p>\n","protected":false},"excerpt":{"rendered":"<p>El diagn\u00f3stico de Gonzalo M\u00fcller es directo tras el anuncio presidencial de la noche del martes sobre el proceso para llegar a una nueva Constituci\u00f3n. El acad\u00e9mico de la UDD y analista pol\u00edtico, afirma que la Presidenta Michelle Bachelet \u201cno cumpli\u00f3 su promesa de campa\u00f1a\u201d, que quienes votaron por ella esperando una asamblea constituyente \u201cperdieron\u201d, [&hellip;]<\/p>\n","protected":false},"author":22,"featured_media":893,"comment_status":"open","ping_status":"open","sticky":false,"template":"","format":"standard","meta":{"footnotes":""},"categories":[10162],"tags":[8604,8140],"class_list":["post-1419","post","type-post","status-publish","format-standard","has-post-thumbnail","hentry","category-centro-en-la-prensa","tag-constitucion","tag-gonzalo-muller"],"featured_image_url":"https:\/\/gobierno.udd.cl\/cpp\/files\/2015\/05\/udd_cpp_prensa_340.png","_links":{"self":[{"href":"https:\/\/gobierno.udd.cl\/cpp\/wp-json\/wp\/v2\/posts\/1419","targetHints":{"allow":["GET"]}}],"collection":[{"href":"https:\/\/gobierno.udd.cl\/cpp\/wp-json\/wp\/v2\/posts"}],"about":[{"href":"https:\/\/gobierno.udd.cl\/cpp\/wp-json\/wp\/v2\/types\/post"}],"author":[{"embeddable":true,"href":"https:\/\/gobierno.udd.cl\/cpp\/wp-json\/wp\/v2\/users\/22"}],"replies":[{"embeddable":true,"href":"https:\/\/gobierno.udd.cl\/cpp\/wp-json\/wp\/v2\/comments?post=1419"}],"version-history":[{"count":1,"href":"https:\/\/gobierno.udd.cl\/cpp\/wp-json\/wp\/v2\/posts\/1419\/revisions"}],"predecessor-version":[{"id":1420,"href":"https:\/\/gobierno.udd.cl\/cpp\/wp-json\/wp\/v2\/posts\/1419\/revisions\/1420"}],"wp:featuredmedia":[{"embeddable":true,"href":"https:\/\/gobierno.udd.cl\/cpp\/wp-json\/wp\/v2\/media\/893"}],"wp:attachment":[{"href":"https:\/\/gobierno.udd.cl\/cpp\/wp-json\/wp\/v2\/media?parent=1419"}],"wp:term":[{"taxonomy":"category","embeddable":true,"href":"https:\/\/gobierno.udd.cl\/cpp\/wp-json\/wp\/v2\/categories?post=1419"},{"taxonomy":"post_tag","embeddable":true,"href":"https:\/\/gobierno.udd.cl\/cpp\/wp-json\/wp\/v2\/tags?post=1419"}],"curies":[{"name":"wp","href":"https:\/\/api.w.org\/{rel}","templated":true}]}}