{"id":1400,"date":"2015-10-07T19:00:13","date_gmt":"2015-10-07T22:00:13","guid":{"rendered":"http:\/\/gobierno.udd.cl\/cpp\/?p=1400"},"modified":"2015-10-07T19:06:10","modified_gmt":"2015-10-07T22:06:10","slug":"revisa-la-discusion-con-eugenio-tironi-y-marta-lagos-sobre-el-impacto-de-los-movimientos-sociales","status":"publish","type":"post","link":"https:\/\/gobierno.udd.cl\/cpp\/noticias\/2015\/10\/07\/revisa-la-discusion-con-eugenio-tironi-y-marta-lagos-sobre-el-impacto-de-los-movimientos-sociales\/","title":{"rendered":"Revisa la discusi\u00f3n con Eugenio Tironi y Marta Lagos sobre el impacto de los movimientos sociales"},"content":{"rendered":"<p><iframe loading=\"lazy\" title=\"Panel del Centro de Poli\u0301ticas Pu\u0301blicas  &quot;Impacto poli\u0301tico de los movimientos sociales&quot;\" width=\"500\" height=\"281\" src=\"https:\/\/www.youtube.com\/embed\/zBoOuoHG1_k?feature=oembed\" frameborder=\"0\" allow=\"accelerometer; autoplay; clipboard-write; encrypted-media; gyroscope; picture-in-picture; web-share\" referrerpolicy=\"strict-origin-when-cross-origin\" allowfullscreen><\/iframe><\/p>\n<p>&nbsp;<\/p>\n<p style=\"text-align: justify;\">Los\u00a0movimientos sociales y las consecuencias que han tenido a nivel pol\u00edtico en el pa\u00eds\u00a0y en el mundo fue el tema principal del debate que se realiz\u00f3 entre el soci\u00f3logo y presidente de la consultora en comunicaci\u00f3n estrat\u00e9gica Tironi Asociados,\u00a0Eugenio Tironi; y la economista y directora fundadora de la Corporaci\u00f3n Latinobar\u00f3metro,\u00a0Marta Lagos, organizado por el\u00a0<strong><a href=\"http:\/\/gobierno.udd.cl\/cpp\/\" target=\"_blank\" rel=\"External\">Centro de Pol\u00edticas P\u00fablicas<\/a><\/strong>\u00a0de la\u00a0<strong><a href=\"http:\/\/gobierno.udd.cl\/\" target=\"_blank\" rel=\"External\">Facultad de Gobierno<\/a><\/strong>\u00a0de la Universidad del Desarrollo.<\/p>\n<p style=\"text-align: justify;\">Tironi hizo un recorrido por los movimientos importantes a trav\u00e9s del tiempo en Chile y en el mundo. Para el soci\u00f3logo, los movimientos sociales est\u00e1n destinados a morir porque sus demandas son incorporadas por actores institucionales que son quienes las llevan a cabo, sobre todo en nuestro pa\u00eds donde hay un sistema pol\u00edtico muy poroso y abierto a aceptar estos requerimientos.<\/p>\n<p style=\"text-align: justify;\">Por su parte, Lagos afirm\u00f3 que los liderazgos en Chile est\u00e1n agotados y falta alguien que conduzca las convicciones que se est\u00e1s manifestando. Para la economista, el problema es que no se ha entendido la demanda esencial de los movimientos sociales que no es por libertad sino equidad. \u201cYo creo que nuestro sistema pol\u00edtico est\u00e1 muerto y tiene que surgir un sistema de partidos que pueda leer esto\u201d, asegur\u00f3.<\/p>\n","protected":false},"excerpt":{"rendered":"<p>&nbsp; Los\u00a0movimientos sociales y las consecuencias que han tenido a nivel pol\u00edtico en el pa\u00eds\u00a0y en el mundo fue el tema principal del debate que se realiz\u00f3 entre el soci\u00f3logo y presidente de la consultora en comunicaci\u00f3n estrat\u00e9gica Tironi Asociados,\u00a0Eugenio Tironi; y la economista y directora fundadora de la Corporaci\u00f3n Latinobar\u00f3metro,\u00a0Marta Lagos, organizado por el\u00a0Centro [&hellip;]<\/p>\n","protected":false},"author":22,"featured_media":1401,"comment_status":"open","ping_status":"open","sticky":false,"template":"","format":"standard","meta":{"footnotes":""},"categories":[4],"tags":[11824,10912,10915,10916,4176],"class_list":["post-1400","post","type-post","status-publish","format-standard","has-post-thumbnail","hentry","category-noticias","tag-cpp","tag-marta-lagos","tag-panelescpp","tag-tironi","tag-udd"],"featured_image_url":"https:\/\/gobierno.udd.cl\/cpp\/files\/2015\/10\/Tironi.jpg","_links":{"self":[{"href":"https:\/\/gobierno.udd.cl\/cpp\/wp-json\/wp\/v2\/posts\/1400","targetHints":{"allow":["GET"]}}],"collection":[{"href":"https:\/\/gobierno.udd.cl\/cpp\/wp-json\/wp\/v2\/posts"}],"about":[{"href":"https:\/\/gobierno.udd.cl\/cpp\/wp-json\/wp\/v2\/types\/post"}],"author":[{"embeddable":true,"href":"https:\/\/gobierno.udd.cl\/cpp\/wp-json\/wp\/v2\/users\/22"}],"replies":[{"embeddable":true,"href":"https:\/\/gobierno.udd.cl\/cpp\/wp-json\/wp\/v2\/comments?post=1400"}],"version-history":[{"count":7,"href":"https:\/\/gobierno.udd.cl\/cpp\/wp-json\/wp\/v2\/posts\/1400\/revisions"}],"predecessor-version":[{"id":1408,"href":"https:\/\/gobierno.udd.cl\/cpp\/wp-json\/wp\/v2\/posts\/1400\/revisions\/1408"}],"wp:featuredmedia":[{"embeddable":true,"href":"https:\/\/gobierno.udd.cl\/cpp\/wp-json\/wp\/v2\/media\/1401"}],"wp:attachment":[{"href":"https:\/\/gobierno.udd.cl\/cpp\/wp-json\/wp\/v2\/media?parent=1400"}],"wp:term":[{"taxonomy":"category","embeddable":true,"href":"https:\/\/gobierno.udd.cl\/cpp\/wp-json\/wp\/v2\/categories?post=1400"},{"taxonomy":"post_tag","embeddable":true,"href":"https:\/\/gobierno.udd.cl\/cpp\/wp-json\/wp\/v2\/tags?post=1400"}],"curies":[{"name":"wp","href":"https:\/\/api.w.org\/{rel}","templated":true}]}}