{"id":1393,"date":"2015-10-05T16:55:32","date_gmt":"2015-10-05T19:55:32","guid":{"rendered":"http:\/\/gobierno.udd.cl\/cpp\/?p=1393"},"modified":"2015-10-05T16:55:32","modified_gmt":"2015-10-05T19:55:32","slug":"larroluet-la-nueva-mayoria-erro-el-diagnostico-y-hoy-el-pais-paga-los-costos","status":"publish","type":"post","link":"https:\/\/gobierno.udd.cl\/cpp\/noticias\/2015\/10\/05\/larroluet-la-nueva-mayoria-erro-el-diagnostico-y-hoy-el-pais-paga-los-costos\/","title":{"rendered":"Larroluet: la Nueva Mayor\u00eda err\u00f3 el diagn\u00f3stico y hoy el pa\u00eds paga los costos"},"content":{"rendered":"<p style=\"text-align: justify;\">La preocupaci\u00f3n central del ex ministro de la Segpres del Gobierno de Sebasti\u00e1n Pi\u00f1era, Cristi\u00e1n Larroulet est\u00e1 en los \u00abenormes costos\u00bb que tanto el pa\u00eds como la ciudadan\u00eda deber\u00e1n pagar por los errores cometidos por La Moneda en los 18 meses transcurridos de Gobierno.<\/p>\n<p style=\"text-align: justify;\">A su juicio, se trata de una cadena de equivocaciones que parte con un error de diagn\u00f3stico que tiene su origen cuando los dirigentes pol\u00edticos hicieron propias las ideas de acad\u00e9micos como Fernando Atria y Alberto Mayol.<\/p>\n<p style=\"text-align: justify;\">Sin embargo, seg\u00fan Larroulet, la gente que vot\u00f3 por Michelle Bachelet no necesariamente respaldaba ideas de esa naturaleza.<\/p>\n<p style=\"text-align: justify;\">\u00abCuando Chile vot\u00f3 mayoritariamente por la Presidenta Bachelet lo hizo porque pensaba que iba a ser la Bachelet del primer Gobierno que iba a haber continuidad en pol\u00edticas de mayor protecci\u00f3n, de b\u00fasqueda de mayor equidad\u00bb, dijo.<\/p>\n<p style=\"text-align: justify;\">El segundo tropiezo estuvo en el dise\u00f1o de las pol\u00edticas p\u00fablicas y en la implementacion de los nuevos proyectos, donde Larroulet advierte una \u00abconstante improvisaci\u00f3n\u00bb.<\/p>\n<p style=\"text-align: justify;\">Seg\u00fan el ex ministro, \u00abha habido mucha ineptitud.<\/p>\n<p style=\"text-align: justify;\">Esta mirada joven de desprecio a lo que estaba antes est\u00e1 haci\u00e9ndonos pagar enormes costos. Los costos se pagan en respaldo hacia el Gobierno, pero lo peor de todo es que lo paga el ciudadano y el pa\u00eds\u00bb.<\/p>\n<p style=\"text-align: justify;\">Tan rotundo fue el error de diagn\u00f3stico del oficialismo dijo el actual acad\u00e9mico de la <b>UDD<\/b>, que cree que la promesa de avanzar en igualdad no podr\u00e1 cumplirse. Seg\u00fan manifest\u00f3: \u00abEl gran planteamiento que la Nueva Mayor\u00eda hab\u00eda hecho al pa\u00eds era que ten\u00edamos que avanzar hacia una sociedad m\u00e1s equitativa y m\u00e1s justa. Eso no va a ocurrir\u00bb<\/p>\n<p style=\"text-align: justify;\">Ver nota publicada en <strong><a href=\"http:\/\/www.litoralpress.cl\/infocom\/preview\/Grande.aspx?image=..\/clipsimages\/2015\/10\/05\/021401DE.JPG\" target=\"_blank\">Diario El Pulso 05\/10\/2015<\/a><\/strong><\/p>\n","protected":false},"excerpt":{"rendered":"<p>Cuando Chile vot\u00f3 mayoritariamente por la Presidenta Bachelet lo hizo porque pensaba que iba a ser la Bachelet del primer Gobierno que iba a haber continuidad en pol\u00edticas de mayor protecci\u00f3n, de b\u00fasqueda de mayor equidad<\/p>\n","protected":false},"author":22,"featured_media":893,"comment_status":"open","ping_status":"open","sticky":false,"template":"","format":"standard","meta":{"footnotes":""},"categories":[10162],"tags":[11824,10194,10909,10910],"class_list":["post-1393","post","type-post","status-publish","format-standard","has-post-thumbnail","hentry","category-centro-en-la-prensa","tag-cpp","tag-larroulet","tag-nm","tag-nueva-mayoria"],"featured_image_url":"https:\/\/gobierno.udd.cl\/cpp\/files\/2015\/05\/udd_cpp_prensa_340.png","_links":{"self":[{"href":"https:\/\/gobierno.udd.cl\/cpp\/wp-json\/wp\/v2\/posts\/1393","targetHints":{"allow":["GET"]}}],"collection":[{"href":"https:\/\/gobierno.udd.cl\/cpp\/wp-json\/wp\/v2\/posts"}],"about":[{"href":"https:\/\/gobierno.udd.cl\/cpp\/wp-json\/wp\/v2\/types\/post"}],"author":[{"embeddable":true,"href":"https:\/\/gobierno.udd.cl\/cpp\/wp-json\/wp\/v2\/users\/22"}],"replies":[{"embeddable":true,"href":"https:\/\/gobierno.udd.cl\/cpp\/wp-json\/wp\/v2\/comments?post=1393"}],"version-history":[{"count":1,"href":"https:\/\/gobierno.udd.cl\/cpp\/wp-json\/wp\/v2\/posts\/1393\/revisions"}],"predecessor-version":[{"id":1394,"href":"https:\/\/gobierno.udd.cl\/cpp\/wp-json\/wp\/v2\/posts\/1393\/revisions\/1394"}],"wp:featuredmedia":[{"embeddable":true,"href":"https:\/\/gobierno.udd.cl\/cpp\/wp-json\/wp\/v2\/media\/893"}],"wp:attachment":[{"href":"https:\/\/gobierno.udd.cl\/cpp\/wp-json\/wp\/v2\/media?parent=1393"}],"wp:term":[{"taxonomy":"category","embeddable":true,"href":"https:\/\/gobierno.udd.cl\/cpp\/wp-json\/wp\/v2\/categories?post=1393"},{"taxonomy":"post_tag","embeddable":true,"href":"https:\/\/gobierno.udd.cl\/cpp\/wp-json\/wp\/v2\/tags?post=1393"}],"curies":[{"name":"wp","href":"https:\/\/api.w.org\/{rel}","templated":true}]}}